{"id":9344,"date":"2023-12-15T08:36:23","date_gmt":"2023-12-15T07:36:23","guid":{"rendered":"https:\/\/www.rct-online.de\/magazin\/?p=9344"},"modified":"2026-02-20T15:37:33","modified_gmt":"2026-02-20T14:37:33","slug":"pfas-verbot-werden-alle-fluorkunststoffe-verboten","status":"publish","type":"post","link":"https:\/\/www.rct-online.de\/magazin\/pfas-verbot-werden-alle-fluorkunststoffe-verboten\/","title":{"rendered":"PFAS-Verbot: Werden alle Fluorkunststoffe verboten?"},"content":{"rendered":"<div id=\"ez-toc-container\" class=\"ez-toc-v2_0_73 ez-toc-wrap-center counter-hierarchy ez-toc-counter ez-toc-white ez-toc-container-direction\">\n<div class=\"ez-toc-title-container\">\n<p class=\"ez-toc-title\" style=\"cursor:inherit\">Inhaltsverzeichnis<\/p>\n<span class=\"ez-toc-title-toggle\"><a href=\"#\" class=\"ez-toc-pull-right ez-toc-btn ez-toc-btn-xs ez-toc-btn-default ez-toc-toggle\" aria-label=\"Toggle Table of Content\"><span class=\"ez-toc-js-icon-con\"><span class=\"\"><span class=\"eztoc-hide\" style=\"display:none;\">Toggle<\/span><span class=\"ez-toc-icon-toggle-span\"><svg style=\"fill: #999;color:#999\" xmlns=\"http:\/\/www.w3.org\/2000\/svg\" class=\"list-377408\" width=\"20px\" height=\"20px\" viewBox=\"0 0 24 24\" fill=\"none\"><path d=\"M6 6H4v2h2V6zm14 0H8v2h12V6zM4 11h2v2H4v-2zm16 0H8v2h12v-2zM4 16h2v2H4v-2zm16 0H8v2h12v-2z\" fill=\"currentColor\"><\/path><\/svg><svg style=\"fill: #999;color:#999\" class=\"arrow-unsorted-368013\" xmlns=\"http:\/\/www.w3.org\/2000\/svg\" width=\"10px\" height=\"10px\" viewBox=\"0 0 24 24\" version=\"1.2\" baseProfile=\"tiny\"><path d=\"M18.2 9.3l-6.2-6.3-6.2 6.3c-.2.2-.3.4-.3.7s.1.5.3.7c.2.2.4.3.7.3h11c.3 0 .5-.1.7-.3.2-.2.3-.5.3-.7s-.1-.5-.3-.7zM5.8 14.7l6.2 6.3 6.2-6.3c.2-.2.3-.5.3-.7s-.1-.5-.3-.7c-.2-.2-.4-.3-.7-.3h-11c-.3 0-.5.1-.7.3-.2.2-.3.5-.3.7s.1.5.3.7z\"\/><\/svg><\/span><\/span><\/span><\/a><\/span><\/div>\n<nav><ul class='ez-toc-list ez-toc-list-level-1 ' ><li class='ez-toc-page-1 ez-toc-heading-level-2'><a class=\"ez-toc-link ez-toc-heading-1\" href=\"https:\/\/www.rct-online.de\/magazin\/pfas-verbot-werden-alle-fluorkunststoffe-verboten\/#Definition_Was_sind_PFAS\" title=\"Definition: Was sind PFAS?\">Definition: Was sind PFAS?<\/a><\/li><li class='ez-toc-page-1 ez-toc-heading-level-2'><a class=\"ez-toc-link ez-toc-heading-2\" href=\"https:\/\/www.rct-online.de\/magazin\/pfas-verbot-werden-alle-fluorkunststoffe-verboten\/#Einteilung_der_per-_und_polyfluorierten_Alkylsubstanzen\" title=\"Einteilung der per- und polyfluorierten Alkylsubstanzen\">Einteilung der per- und polyfluorierten Alkylsubstanzen<\/a><\/li><li class='ez-toc-page-1 ez-toc-heading-level-2'><a class=\"ez-toc-link ez-toc-heading-3\" href=\"https:\/\/www.rct-online.de\/magazin\/pfas-verbot-werden-alle-fluorkunststoffe-verboten\/#Eigenschaften_dieser_Industriechemikalien\" title=\"Eigenschaften dieser Industriechemikalien\">Eigenschaften dieser Industriechemikalien<\/a><\/li><li class='ez-toc-page-1 ez-toc-heading-level-2'><a class=\"ez-toc-link ez-toc-heading-4\" href=\"https:\/\/www.rct-online.de\/magazin\/pfas-verbot-werden-alle-fluorkunststoffe-verboten\/#In_welchen_Produkten_sind_PFAS_enthalten\" title=\"In welchen Produkten sind PFAS enthalten?\">In welchen Produkten sind PFAS enthalten?<\/a><\/li><li class='ez-toc-page-1 ez-toc-heading-level-2'><a class=\"ez-toc-link ez-toc-heading-5\" href=\"https:\/\/www.rct-online.de\/magazin\/pfas-verbot-werden-alle-fluorkunststoffe-verboten\/#Kommt_das_PFAS-Verbot_in_der_EU\" title=\"Kommt das PFAS-Verbot in der EU?\">Kommt das PFAS-Verbot in der EU?<\/a><\/li><li class='ez-toc-page-1 ez-toc-heading-level-2'><a class=\"ez-toc-link ez-toc-heading-6\" href=\"https:\/\/www.rct-online.de\/magazin\/pfas-verbot-werden-alle-fluorkunststoffe-verboten\/#Bedeutung_des_PFAS-Verbots_in_der_EU_Welche_Konsequenzen_haette_das_Verbot_fuer_die_deutsche_Industrie\" title=\"Bedeutung des PFAS-Verbots in der EU: Welche Konsequenzen h\u00e4tte das Verbot f\u00fcr die deutsche Industrie?\">Bedeutung des PFAS-Verbots in der EU: Welche Konsequenzen h\u00e4tte das Verbot f\u00fcr die deutsche Industrie?<\/a><\/li><li class='ez-toc-page-1 ez-toc-heading-level-2'><a class=\"ez-toc-link ez-toc-heading-7\" href=\"https:\/\/www.rct-online.de\/magazin\/pfas-verbot-werden-alle-fluorkunststoffe-verboten\/#Ein_pauschales_Verbot_aller_PFAS-Verbindungen_ist_nicht_sinnvoll\" title=\"Ein pauschales Verbot aller PFAS-Verbindungen ist nicht sinnvoll\">Ein pauschales Verbot aller PFAS-Verbindungen ist nicht sinnvoll<\/a><\/li><\/ul><\/nav><\/div>\n<p style=\"text-align: justify;\"><strong>Fr\u00fcher wurden Per- und Polyfluoralkyl-Substanzen unter verschiedenen Bezeichnungen wie per- und polyfluorierte Chemikalien, perfluorierte organische Verbindungen oder hoch fluorierte Substanzen zusammengefasst. Bei polyfluorierten Alkylsubstanzen sind die Wasserstoffatome teilweise, bei perfluorierten Alkylsubstanzen vollst\u00e4ndig durch Fluoratome ersetzt. Zur einheitlichen Kommunikation hat die Organisation f\u00fcr wirtschaftliche Zusammenarbeit und Entwicklung, abgek\u00fcrzt OECD aus dem Englischen \u201eOrganization for Economic Co-operation and Development\u201c, 2011 die Bezeichnung Per- und Polyfluoralkyl-Substanzen (PFAS) neu definiert. <\/strong><\/p>\n<h2><span class=\"ez-toc-section\" id=\"Definition_Was_sind_PFAS\"><\/span>Definition: Was sind PFAS?<span class=\"ez-toc-section-end\"><\/span><\/h2>\n<p style=\"text-align: justify;\">Doch was sind PFAS \u00fcberhaupt? Was kann man sich unter Per- und Polyfluoralkyl-Substanzen vorstellen?<\/p>\n<div class=\"box info  \"><div class=\"box-inner-block\"><i class=\"fa tie-shortcode-boxicon\"><\/i>\n\t\t\tUnter PFAS werden alle fluorierten Substanzen zusammengefasst, die mindestens ein fluoriertes Methyl- oder Methylen-Kohlenstoff enthalten, ohne ein daran gebundenes H-, Cl-, Br- oder I-Atom. Mit wenigen Ausnahmen ist jede Chemikalie mit mindestens einer perfluorierten Methylgruppe (-CF<sub>3<\/sub>) oder einer perfluorierten Methylengruppe (-CF<sub>2<\/sub>-) ein PFAS<sup>[1]<\/sup>.\n\t\t\t<\/div><\/div>\n<p style=\"text-align: justify;\">Unter diese Definition fallen etwa 10000 per- und polyfluorierte Alkylsubstanzen.<\/p>\n<h2><span class=\"ez-toc-section\" id=\"Einteilung_der_per-_und_polyfluorierten_Alkylsubstanzen\"><\/span>Einteilung der per- und polyfluorierten Alkylsubstanzen<span class=\"ez-toc-section-end\"><\/span><\/h2>\n<p style=\"text-align: justify;\">Man unterscheidet polymere und nicht polymere PFAS. Zu den polymeren Verbindungen z\u00e4hlen Fluorpolymere, Polymere mit fluorierten Seitenketten und Perfluorpolyether (PFPE). Die am h\u00e4ufigsten eingesetzten Fluorpolymere sind <a href=\"https:\/\/www.rct-online.de\/de\/schlaeuche\/harte-kunststoffschlaeuche-kunststoffrohre\/ptfe-schlaeuche\">Polytetrafluorethylen (PTFE)<\/a>, Polyvinylidenfluorid (PVDF), <a href=\"https:\/\/www.rct-online.de\/de\/schlaeuche\/harte-kunststoffschlaeuche-kunststoffrohre\/fep-schlaeuche\">Fluorethylenpropylen (FEP)<\/a> und Perfluoralkoxy-Polymere (PFA). Zu den Polymeren mit fluorierten Seitenketten z\u00e4hlen fluorierte Polyurethane, Polyoxetane und Polymethylmethacrylate.<\/p>\n<p style=\"text-align: justify;\">Die Gruppe der nicht polymeren PFAS umfasst vier Untergruppen:<\/p>\n<ul style=\"text-align: justify;\">\n<li>Perfluoralkyls\u00e4uren (PFAA),<\/li>\n<li>Perfluoralkansulfonylfluoride (PASF)<\/li>\n<li>Perfluoralkyliodide (PFAI)<\/li>\n<li>Perfluoralkylether basierte Derivate<\/li>\n<\/ul>\n<p style=\"text-align: justify;\">Bei den Perfluoralkyls\u00e4uren (PFAA) unterscheidet man Perfluoralkylcarbons\u00e4uren (PFCA) und Perfluoralkylsulfons\u00e4uren (PFSA).<\/p>\n<h2><span class=\"ez-toc-section\" id=\"Eigenschaften_dieser_Industriechemikalien\"><\/span>Eigenschaften dieser Industriechemikalien<span class=\"ez-toc-section-end\"><\/span><\/h2>\n<p style=\"text-align: justify;\">Per- und polyfluorierte Alkylsubstanzen zeichnen sich durch eine hervorragende Temperatur-, Druck- und Chemikalienbest\u00e4ndigkeit aus. Sie sind biokompatibel, wasser-, \u00f6l- und schmutzabweisend und au\u00dferdem sehr gute elektrische und thermische Isolatoren. Dar\u00fcber hinaus verf\u00fcgen sie \u00fcber eine gute Sterilisierbarkeit, UV-Best\u00e4ndigkeit und Reibungsminimierung. Sie werden in der Regel dort eingesetzt, wo andere Kunststoffe versagen. So gelten etwa harte <a href=\"https:\/\/www.rct-online.de\/de\/schlaeuche\/harte-kunststoffschlaeuche-kunststoffrohre\">Kunststoffschl\u00e4uche<\/a> aus PTFE, PFA oder FEP als das Mittel der Wahl, wenn besonders aggressive Chemikalien gef\u00f6rdert werden sollen. Sie sind au\u00dferdem in einem sehr breiten Temperaturbereich von -260 bis +260 \u00b0C einsetzbar, je nach Ausf\u00fchrung.<\/p>\n<p><a href=\"https:\/\/www.rct-online.de\/de\/schlaeuche\/harte-kunststoffschlaeuche-kunststoffrohre\/ptfe-schlaeuche\/ptfe-chemieschlauch-standard\"><img loading=\"lazy\" decoding=\"async\" class=\"wp-image-9357 alignnone\" title=\"PTFE-Chemieschlauch - standard \" src=\"https:\/\/www.rct-online.de\/magazin\/wp-content\/uploads\/2024\/12\/ptfe-chemieschlauch-standard.jpg\" alt=\"PTFE-Chemieschlauch - standard \" width=\"300\" height=\"300\" srcset=\"https:\/\/www.rct-online.de\/magazin\/wp-content\/uploads\/2024\/12\/ptfe-chemieschlauch-standard.jpg 500w, https:\/\/www.rct-online.de\/magazin\/wp-content\/uploads\/2024\/12\/ptfe-chemieschlauch-standard-300x300.jpg 300w, https:\/\/www.rct-online.de\/magazin\/wp-content\/uploads\/2024\/12\/ptfe-chemieschlauch-standard-150x150.jpg 150w\" sizes=\"(max-width: 300px) 100vw, 300px\" \/><\/a> <a href=\"https:\/\/www.rct-online.de\/de\/schlauchverbinder\/verbinder-aus-kunststoff\/verschraubungen-fuer-harte-schlaeuche-und-rohre\/gerader-rohrverbinder-mit-aussengewinde-aus-pa-oder-pvdf\"><img loading=\"lazy\" decoding=\"async\" class=\"alignnone wp-image-9358 size-medium\" title=\"Gerader-Rohrverbinder mit Au\u00dfengewinde aus PA oder PVDF \" src=\"https:\/\/www.rct-online.de\/magazin\/wp-content\/uploads\/2024\/12\/gerader-rohrverbinder-300x300.jpg\" alt=\"Gerader-Rohrverbinder mit Au\u00dfengewinde aus PA oder PVDF \" width=\"300\" height=\"300\" srcset=\"https:\/\/www.rct-online.de\/magazin\/wp-content\/uploads\/2024\/12\/gerader-rohrverbinder-300x300.jpg 300w, https:\/\/www.rct-online.de\/magazin\/wp-content\/uploads\/2024\/12\/gerader-rohrverbinder-150x150.jpg 150w, https:\/\/www.rct-online.de\/magazin\/wp-content\/uploads\/2024\/12\/gerader-rohrverbinder.jpg 500w\" sizes=\"(max-width: 300px) 100vw, 300px\" \/><\/a><\/p>\n<p style=\"text-align: justify;\">Jedoch werden diese Verbindungen unter Umweltbedingungen nicht oder nur \u00fcber einen sehr langen Zeitraum abgebaut und deshalb auch als Ewigkeitschemikalien bezeichnet. Einige dieser Chemikalien stehen zudem \u00a0im Verdacht krebserregend zu sein.<\/p>\n<p style=\"text-align: justify;\">\u00dcber die Nahrungskette und Trinkwasser k\u00f6nnen PFAS in den K\u00f6rper gelangen und sich im Blut und in Organgeweben anreichern. Die Ausscheidung findet nur sehr langsam statt.<\/p>\n<h2><span class=\"ez-toc-section\" id=\"In_welchen_Produkten_sind_PFAS_enthalten\"><\/span>In welchen Produkten sind PFAS enthalten?<span class=\"ez-toc-section-end\"><\/span><\/h2>\n<p style=\"text-align: justify;\">Aufgrund ihrer einzigartigen Eigenschaften sind diese Verbindungen in der industriellen Fertigung, in der Energie- und Mobilit\u00e4tswende, vor allem aber in High-Tech-Industrien wie der Halbleiter- oder Medizintechnik unverzichtbar.<\/p>\n<p style=\"text-align: justify;\">Aus diesen Industriechemikalien werden <a href=\"https:\/\/www.rct-online.de\/de\/schlaeuche\">Schl\u00e4uche<\/a>, Rohre, Dichtungen, Pumpen, Beh\u00e4lter und Tankauskleidungen, <a href=\"https:\/\/www.rct-online.de\/de\/schlauchverbinder\">Schlauchverbinder<\/a>, H\u00e4hne und Ventile und <a href=\"https:\/\/www.rct-online.de\/de\/filtration\/membranfilter-filtermembranen-spritzenfilter-rundfilter-membranen\">Filtermembranen<\/a> gefertigt. Besonders in ultrareinen Umgebungen wie in Reinr\u00e4umen sind Komponenten aus diesen Materialien unentbehrlich, um chemisch anspruchsvolle Prozesse zu erm\u00f6glichen, die Lebensdauer von Bauteilen zu erh\u00f6hen und Verunreinigungen zu verhindern.<\/p>\n<p><a href=\"https:\/\/www.rct-online.de\/de\/halbzeuge\/rohre\/rohr-aus-ptfe-virginal-extrudiert\"><img loading=\"lazy\" decoding=\"async\" class=\"alignnone wp-image-9360 size-medium\" title=\"Rohr aus PTFE (virginal) - extrudiert \" src=\"https:\/\/www.rct-online.de\/magazin\/wp-content\/uploads\/2024\/12\/rohr-aus-ptfe-virginal-extrudiert-300x300.jpg\" alt=\"Rohr aus PTFE (virginal) - extrudiert \" width=\"300\" height=\"300\" srcset=\"https:\/\/www.rct-online.de\/magazin\/wp-content\/uploads\/2024\/12\/rohr-aus-ptfe-virginal-extrudiert-300x300.jpg 300w, https:\/\/www.rct-online.de\/magazin\/wp-content\/uploads\/2024\/12\/rohr-aus-ptfe-virginal-extrudiert-150x150.jpg 150w, https:\/\/www.rct-online.de\/magazin\/wp-content\/uploads\/2024\/12\/rohr-aus-ptfe-virginal-extrudiert.jpg 500w\" sizes=\"(max-width: 300px) 100vw, 300px\" \/><\/a> <a href=\"https:\/\/www.rct-online.de\/de\/dichtungen\/o-ringe\/ptfe-o-ringe\/ptfe-o-ringe\"><img loading=\"lazy\" decoding=\"async\" class=\"wp-image-9361 size-medium alignnone\" title=\"PTFE-O-Ringe \" src=\"https:\/\/www.rct-online.de\/magazin\/wp-content\/uploads\/2024\/12\/ptfe-o-ringe-300x300.jpg\" alt=\"PTFE-O-Ringe \" width=\"300\" height=\"300\" srcset=\"https:\/\/www.rct-online.de\/magazin\/wp-content\/uploads\/2024\/12\/ptfe-o-ringe-300x300.jpg 300w, https:\/\/www.rct-online.de\/magazin\/wp-content\/uploads\/2024\/12\/ptfe-o-ringe-150x150.jpg 150w, https:\/\/www.rct-online.de\/magazin\/wp-content\/uploads\/2024\/12\/ptfe-o-ringe.jpg 500w\" sizes=\"(max-width: 300px) 100vw, 300px\" \/><\/a><\/p>\n<p style=\"text-align: justify;\">Viele Medizinprodukte wie Implantate, Katheter, OP-Abdeckungen, Nahtmaterial, chirurgische Instrumente wie Endoskope mit Drahtschlinge zur Entfernung von Gewebsproben, medizinische Ger\u00e4te wie Inkubatoren, Dialysemaschinen, Herz-Lungen-Maschinen oder Beatmungsger\u00e4te g\u00e4be es ohne diese Chemikalien nicht oder w\u00e4ren weniger leistungsf\u00e4hig und zuverl\u00e4ssig.<\/p>\n<p style=\"text-align: justify;\">Im Energiesektor werden Solarzellen, T\u00fcrme und Rotorbl\u00e4tter von Windkraftanlagen mit Fluorkunststoffen beschichtet und lackiert, wodurch sie witterungsbest\u00e4ndiger werden und eine l\u00e4ngere Lebensdauer aufweisen. Auch in Energiespeichersystemen wie Lithium-Ionen-Batterien und Polymerelektrolytmembran-Brennstoffzellen sind sie ein wesentlicher Bestandteil. Fluorkunststoffmembranen dienen zur effizienten Herstellung von Wasserstoff. In W\u00e4rmepumpen werden sie als K\u00e4ltemittel, in <a href=\"https:\/\/www.rct-online.de\/de\/dichtungen\">Dichtungen<\/a>, Lagern und elektronischen Bauteilen verwendet.<\/p>\n<p style=\"text-align: justify;\">Zur Brandbek\u00e4mpfung von Br\u00e4nden der Brandklasse B, unter denen man Br\u00e4nde von Fl\u00fcssigkeiten und schmelzenden Feststoffen versteht, werden Perfluoroctans\u00e4ure (PFOA) und Perfluoroctansulfons\u00e4ure (PFOS) als wasserfilmbildende Schauml\u00f6schmittel eingesetzt. Diese werden auch als AFFF abgek\u00fcrzt, aus dem Englischen \u201eAqueous Film Forming Foam\u201c. Sie bedecken die Oberfl\u00e4che von fl\u00fcssigen Kohlenwasserstoffen wie \u00d6len, Kraftstoffen oder L\u00f6sungsmitteln und entziehen damit der Flamme den Sauerstoff.<\/p>\n<figure id=\"attachment_9353\" aria-describedby=\"caption-attachment-9353\" style=\"width: 450px\" class=\"wp-caption aligncenter\"><img loading=\"lazy\" decoding=\"async\" class=\"wp-image-9353 size-full\" title=\"Einsatz von PFOS-Schauml\u00f6schmittel zur Brandbek\u00e4mpfung\" src=\"https:\/\/www.rct-online.de\/magazin\/wp-content\/uploads\/2024\/12\/pfos-schaumloeschmittel.jpg\" alt=\"Einsatz von PFOS-Schauml\u00f6schmittel zur Brandbek\u00e4mpfung\" width=\"450\" height=\"300\" srcset=\"https:\/\/www.rct-online.de\/magazin\/wp-content\/uploads\/2024\/12\/pfos-schaumloeschmittel.jpg 450w, https:\/\/www.rct-online.de\/magazin\/wp-content\/uploads\/2024\/12\/pfos-schaumloeschmittel-300x200.jpg 300w\" sizes=\"(max-width: 450px) 100vw, 450px\" \/><figcaption id=\"caption-attachment-9353\" class=\"wp-caption-text\"><center>Einsatz von PFOS-Schauml\u00f6schmittel zur Brandbek\u00e4mpfung<\/center><\/figcaption><\/figure>\n<p style=\"text-align: justify;\">In der Textilindustrie werden sie zur Impr\u00e4gnierung von Textilien und Teppichen sowie in Outdoorbekleidung und Wanderschuhen als Membrane verwendet. Im Haushalt sind Pfannen, Backformen und Waffeleisen mir einer fluorierten Antihaft-Beschichtung ausgestattet. Papier und Pappe von Lebensmittelverpackungen werden mit PFAS beschichtet, um Wasser und Fett abzuweisen.<\/p>\n<h2><span class=\"ez-toc-section\" id=\"Kommt_das_PFAS-Verbot_in_der_EU\"><\/span>Kommt das PFAS-Verbot in der EU?<span class=\"ez-toc-section-end\"><\/span><\/h2>\n<div class=\"box error  \"><div class=\"box-inner-block\"><i class=\"fa tie-shortcode-boxicon\"><\/i>\n\t\t\tDie Europ\u00e4ische Chemikalienagentur (ECHA) hat im Februar 2023 den Vorschlag f\u00fcr ein Verbot der Herstellung, der Verwendung und des Inverkehrbringens, einschlie\u00dflich der Einfuhr, von PFAS im Europ\u00e4ischen Wirtschaftsraum ver\u00f6ffentlicht<sup>[2]<\/sup>. Davon w\u00e4ren mindestens 10.000 Per- und Polyfluoralkylsubstanzen betroffen.\n\t\t\t<\/div><\/div>\n<p style=\"text-align: justify;\">Das vorgeschlagene Verbot wurde im Rahmen der EU-Chemikalienverordnung <a href=\"https:\/\/www.rct-online.de\/magazin\/reach-verordnung\/\">REACH<\/a>, das Akronym f\u00fcr \u201eRegistration, Evaluation, Authorisation and Restriction of Chemicals\u201c, von beh\u00f6rdlichen Experten aus Deutschland, den Niederlanden, D\u00e4nemark, Norwegen und Schweden ausgearbeitet mit dem Ziel, die Freisetzung von PFAS in die Umwelt drastisch zu verringern. Je nach Industriezweig werden \u00dcbergangsfristen zwischen 18 Monaten und dreizehneinhalb Jahren diskutiert.<\/p>\n<p style=\"text-align: justify;\">Am 22. M\u00e4rz 2023 startete eine sechsmonatige \u00f6ffentliche Konsultation, in der betroffene Unternehmen Bedenken gegen das geplante Verbot \u00e4u\u00dfern und begr\u00fcndete Ausnahmeregelungen einreichen konnten. Voraussichtlich soll im Jahr 2025 eine Entscheidung der Europ\u00e4ischen Kommission \u00fcber diesen Vorschlag getroffen werden.<\/p>\n<figure id=\"attachment_9355\" aria-describedby=\"caption-attachment-9355\" style=\"width: 450px\" class=\"wp-caption aligncenter\"><img loading=\"lazy\" decoding=\"async\" class=\"wp-image-9355 size-full\" title=\"Auch im Haushalt sind Fluorkunststoffe in Form von PTFE-Pfannenbeschichtungen zu finden\" src=\"https:\/\/www.rct-online.de\/magazin\/wp-content\/uploads\/2024\/12\/ptfe-beschichtete-pfanne.jpg\" alt=\"Auch im Haushalt sind Fluorkunststoffe in Form von PTFE-Pfannenbeschichtungen zu finden\" width=\"450\" height=\"250\" srcset=\"https:\/\/www.rct-online.de\/magazin\/wp-content\/uploads\/2024\/12\/ptfe-beschichtete-pfanne.jpg 450w, https:\/\/www.rct-online.de\/magazin\/wp-content\/uploads\/2024\/12\/ptfe-beschichtete-pfanne-300x167.jpg 300w\" sizes=\"(max-width: 450px) 100vw, 450px\" \/><figcaption id=\"caption-attachment-9355\" class=\"wp-caption-text\"><center>Auch im Haushalt sind Fluorkunststoffe in Form von PTFE-Pfannenbeschichtungen zu finden<\/center><\/figcaption><\/figure>\n<p style=\"text-align: justify;\">Ab 1. Januar 2023 hat die Europ\u00e4ische Beh\u00f6rde f\u00fcr Lebensmittelsicherheit (EFSA) Grenzwerte f\u00fcr den Gehalt von Perfluoroctans\u00e4ure (PFOA), Perfluoroctansulfons\u00e4ure (PFOS), Perfluornonans\u00e4ure (PFNA) und Perfluorhexansulfons\u00e4ure (PFHxs) in Lebensmitteln erneut gesenkt.<\/p>\n<h2><span class=\"ez-toc-section\" id=\"Bedeutung_des_PFAS-Verbots_in_der_EU_Welche_Konsequenzen_haette_das_Verbot_fuer_die_deutsche_Industrie\"><\/span>Bedeutung des PFAS-Verbots in der EU: Welche Konsequenzen h\u00e4tte das Verbot f\u00fcr die deutsche Industrie?<span class=\"ez-toc-section-end\"><\/span><\/h2>\n<p style=\"text-align: justify;\">PFAS sollen wegen ihrer Langlebigkeit und Best\u00e4ndigkeit verboten werden, jedoch sind gerade diese Eigenschaften der Grund f\u00fcr ihren Einsatz. Ersatzstoffe werden Eigenschaften wie diese Industriechemikalien besitzen und damit zum gleichen Problem f\u00fchren.<\/p>\n<p style=\"text-align: justify;\">In der industriellen Fertigung werden Dichtungen und Bauteile aus PFAS wegen ihrer Temperatur- und Chemikalienbest\u00e4ndigkeit, Dichtigkeit und Reibungsminimierung verwendet. Bei einem allgemeinen Verbot m\u00fcsste auf diese Produkte verzichtet werden, da Ersatzteile in Europa nicht mehr produziert und aus dem au\u00dfereurop\u00e4ischen Ausland nicht eingef\u00fchrt werden d\u00fcrften. Das w\u00fcrde f\u00fcr manche Anlagen das Produktionsaus bedeuten.<\/p>\n<p style=\"text-align: justify;\">PFAS sind f\u00fcr viele Prozessschritte zur Herstellung von elektronischen Bauelementen wie Mikroprozessoren und Speicherchips unverzichtbar. Ein Verbot w\u00fcrde viele Industriezweige betreffen. Die Realisierung der Energiewende und der Elektromobilit\u00e4t sowie der Aufbau einer europ\u00e4ischen Halbleiterindustrie w\u00e4ren damit in Frage zu stellen.<\/p>\n<p style=\"text-align: justify;\">In der <a href=\"https:\/\/www.rct-online.de\/de\/schlaeuche\/schlaeuche-nach-einsatzbereichen\/medizintechnikschlaeuche\">Medizintechnik<\/a> sind die PFAS nicht in kurzer Zeit ersetzbar. Es m\u00fcssten Ersatzstoffe entwickelt, bez\u00fcglich ihrer Biokompatibilit\u00e4t und Biostabilit\u00e4t getestet, klinische Studien durchgef\u00fchrt und gem\u00e4\u00df der Verordnung \u00fcber Medizinprodukte zugelassen werden. Die Markteinf\u00fchrung neuer Medizinprodukte ist unter Umst\u00e4nden l\u00e4nger als die \u00dcbergangsfrist. Speziell Implantatmaterialien, die l\u00e4nger als 20 Jahre im K\u00f6rper verbleiben, k\u00f6nnen in der \u00dcbergangsfrist nicht ausreichend getestet werden. Medizinprodukte, die auf dem au\u00dfereurop\u00e4ischen Markt produziert werden, k\u00f6nnten nicht mehr importiert werden. In Europa entwickelte Ersatzstoffe m\u00fcssten die Anforderungen einer FDA-Zulassung erf\u00fcllen, was mit zus\u00e4tzlichen Kosten verbunden ist, um auf dem amerikanischen Markt wettbewerbsf\u00e4hig zu sein.<\/p>\n<p style=\"text-align: justify;\">In einigen Branchen ist ein PFAS-Verbot durchaus sinnvoll. In der Outdoorbekleidung werden bereits wasserabweisende Materialien auf der Basis von Paraffin, <a href=\"https:\/\/www.rct-online.de\/de\/schlaeuche\/gummischlaeuche-elastomerschlaeuche\/silikon-schlaeuche\">Silikon<\/a>, Dendrimeren oder Polymerbeschichtungen oder Membrane auf Polyurethanbasis eingesetzt. Eisen- oder Emailpfannen bieten gute Alternativen zu teflonbeschichteten Pfannen und sind sogar kratzfester. Statt beschichteter Einweg-Pappbecher kann Mehrweggeschirr benutzt werden. Bei Impr\u00e4gniermitteln k\u00f6nnen Fette und Wachse die Industriechemikalien ersetzen.<\/p>\n<h2><span class=\"ez-toc-section\" id=\"Ein_pauschales_Verbot_aller_PFAS-Verbindungen_ist_nicht_sinnvoll\"><\/span>Ein pauschales Verbot aller PFAS-Verbindungen ist nicht sinnvoll<span class=\"ez-toc-section-end\"><\/span><\/h2>\n<p style=\"text-align: justify;\">Das vorgeschlagene Verbot differenziert nicht zwischen den vielen verschiedenen Poly- und Perfluor-Verbindungen. So werden Fluorpolymere nach OECD-Kriterien als \u201eProduct of low concern\u201d (PLC, Produkte mit niedrigen Bedenken) eingestuft. Werkstoffe wie Polytetrafluorethylen (PTFE) oder Perfluoralkoxy-Polymere (PFA) sind nicht nur chemisch best\u00e4ndig, sondern auch physiologisch unbedenklich mit Zulassungen nach FDA oder <a href=\"https:\/\/www.rct-online.de\/magazin\/usp-class-vi-zulassung\/\">USP Class VI<\/a>. Daraus gefertigte Produkte, wie <a href=\"https:\/\/www.rct-online.de\/de\/schlaeuche\/harte-kunststoffschlaeuche-kunststoffrohre\/pfa-schlaeuche\">PFA-Schl\u00e4uche<\/a> oder <a href=\"https:\/\/www.rct-online.de\/de\/schlauchverbinder\/verbinder-aus-kunststoff\">Kunststoff-Schlauchverbinder<\/a>, sind f\u00fcr die Medizintechnik, Chemietechnik, die Lebensmittelindustrie, Halbleiterindustrie und die Pharmaindustrie unentbehrlich. Alternativen mit \u00e4quivalenten Eigenschaften gibt es nicht.<\/p>\n<p><a href=\"https:\/\/www.rct-online.de\/de\/schlaeuche\/harte-kunststoffschlaeuche-kunststoffrohre\/pfa-schlaeuche\/pfa-chemieschlauch\"><img loading=\"lazy\" decoding=\"async\" class=\"alignnone wp-image-9362 size-medium\" title=\"PFA-Chemieschlauch \" src=\"https:\/\/www.rct-online.de\/magazin\/wp-content\/uploads\/2024\/12\/pfa-chemieschlauch-1-300x300.jpg\" alt=\"PFA-Chemieschlauch \" width=\"300\" height=\"300\" srcset=\"https:\/\/www.rct-online.de\/magazin\/wp-content\/uploads\/2024\/12\/pfa-chemieschlauch-1-300x300.jpg 300w, https:\/\/www.rct-online.de\/magazin\/wp-content\/uploads\/2024\/12\/pfa-chemieschlauch-1-150x150.jpg 150w, https:\/\/www.rct-online.de\/magazin\/wp-content\/uploads\/2024\/12\/pfa-chemieschlauch-1.jpg 500w\" sizes=\"(max-width: 300px) 100vw, 300px\" \/><\/a> <a href=\"https:\/\/www.rct-online.de\/de\/schlauchverbinder\/verbinder-aus-kunststoff\/verschraubungen-fuer-harte-schlaeuche-und-rohre\/t-rohrverbinder-aus-pfa\"><img loading=\"lazy\" decoding=\"async\" class=\"alignnone wp-image-9363 size-medium\" title=\"T-Rohrverbinder aus PFA \" src=\"https:\/\/www.rct-online.de\/magazin\/wp-content\/uploads\/2024\/12\/t-rohrverbinder-aus-pfa-300x300.jpg\" alt=\"T-Rohrverbinder aus PFA \" width=\"300\" height=\"300\" srcset=\"https:\/\/www.rct-online.de\/magazin\/wp-content\/uploads\/2024\/12\/t-rohrverbinder-aus-pfa-300x300.jpg 300w, https:\/\/www.rct-online.de\/magazin\/wp-content\/uploads\/2024\/12\/t-rohrverbinder-aus-pfa-150x150.jpg 150w, https:\/\/www.rct-online.de\/magazin\/wp-content\/uploads\/2024\/12\/t-rohrverbinder-aus-pfa.jpg 500w\" sizes=\"(max-width: 300px) 100vw, 300px\" \/><\/a><\/p>\n<p style=\"text-align: justify;\">Nat\u00fcrlich ist zum Schutz von Umwelt und Mensch eine sorgf\u00e4ltige Handhabung gef\u00e4hrlicher Chemikalien notwendig. Jedoch sollte nicht auf eine fundierte Abw\u00e4gung zwischen Risiken und Nutzen beim Umgang mit diesen Stoffen sowie auf eine differenziertere Einstufung und Vorgehensweise verzichtet werden.<\/p>\n<pre><strong>Quellen:\r\n<\/strong>[1]: https:\/\/pubs.acs.org\/doi\/10.1021\/acs.est.1c06896\r\n[2]: https:\/\/www.bfr.bund.de\/cm\/343\/per-und-polyfluorierte-alkylsubstanzen-pfas-veroeffentlichung-des-vorschlags-zur-beschraenkung-nach-der-reach-verordnung-bei-der-europaeischen-chemikalienbehoerde.pdf\r\n<\/pre>\n<pre><strong>Bild-Quellen:<\/strong>\r\nBeitragsbild | \u00a9 Francesco Scatena \u2013 stock.adobe.com\r\nEinsatz von PFOS-Schauml\u00f6schmittel zur Brandbek\u00e4mpfung | \u00a9 Peter Togel \u2013 stock.adobe.com\r\nPfanne mit PTFE-Beschichtung | \u00a9 kardaska \u2013 stock.adobe.com\r\n<\/pre>\n","protected":false},"excerpt":{"rendered":"<p>Fr\u00fcher wurden Per- und Polyfluoralkyl-Substanzen unter verschiedenen Bezeichnungen wie per- und polyfluorierte Chemikalien, perfluorierte organische Verbindungen oder hoch fluorierte Substanzen zusammengefasst. Bei polyfluorierten Alkylsubstanzen sind die Wasserstoffatome teilweise, bei perfluorierten Alkylsubstanzen vollst\u00e4ndig durch Fluoratome ersetzt. Zur einheitlichen Kommunikation hat die Organisation f\u00fcr wirtschaftliche Zusammenarbeit und Entwicklung, abgek\u00fcrzt OECD aus dem Englischen \u201eOrganization for Economic Co-operation &hellip;<\/p>\n","protected":false},"author":13,"featured_media":9352,"comment_status":"closed","ping_status":"open","sticky":false,"template":"","format":"standard","meta":{"footnotes":""},"categories":[117,2747],"tags":[1854,1857,1848,1456,1851,1849,1853,1852,1850,1545,1844,1856,1855,1841,1845,1176,1847,1842,1846,1843],"class_list":["post-9344","post","type-post","status-publish","format-standard","has-post-thumbnail","","category-alle-beitraege","category-werkstoffe-in-der-chemie","tag-aqueous-film-forming-foam-afff","tag-eu-chemikalienverordnung-reach","tag-fluorethylenpropylen-fep","tag-fluorkunststoffe","tag-perfluoralkansulfonylfluoride-pasf","tag-perfluoralkoxy-polymere-pfa","tag-perfluoralkylether-basierte-derivate","tag-perfluoralkyliodide-pfai","tag-perfluoralkylsaeuren-pfaa","tag-pfa-schlaeuche","tag-pfas-verbot","tag-pfas-verbot-in-der-eu","tag-pfos-schaumloeschmittel","tag-polyfluoralkyl-substanzen","tag-polyfluorierte-alkylsubstanzen","tag-polytetrafluorethylen-ptfe","tag-polyvinylidenfluorid-pvdf","tag-prefluoralkyl-substanzen","tag-prefluorierte-alkylsubstanzen","tag-verbot-von-fluorkunststoffen"],"yoast_head":"<!-- This site is optimized with the Yoast SEO plugin v23.1 - https:\/\/yoast.com\/wordpress\/plugins\/seo\/ -->\n<title>PFAS-Verbot: Werden Fluorpolymere verboten? \u00bb RCT Magazin<\/title>\n<meta name=\"description\" content=\"Was sind PFAS und warum soll ihr Einsatz eingeschr\u00e4nkt werden? \u2705 Differenzierung verschiedener PFAS \u2705 Eigenschaften &amp; Bedeutung f\u00fcr die Industrie\" \/>\n<meta name=\"robots\" content=\"index, follow, max-snippet:-1, max-image-preview:large, max-video-preview:-1\" \/>\n<link rel=\"canonical\" href=\"https:\/\/www.rct-online.de\/magazin\/pfas-verbot-werden-alle-fluorkunststoffe-verboten\/\" \/>\n<meta property=\"og:locale\" content=\"de_DE\" \/>\n<meta property=\"og:type\" content=\"article\" \/>\n<meta property=\"og:title\" content=\"PFAS-Verbot: Werden Fluorpolymere verboten? \u00bb RCT Magazin\" \/>\n<meta property=\"og:description\" content=\"Was sind PFAS und warum soll ihr Einsatz eingeschr\u00e4nkt werden? \u2705 Differenzierung verschiedener PFAS \u2705 Eigenschaften &amp; Bedeutung f\u00fcr die Industrie\" \/>\n<meta property=\"og:url\" content=\"https:\/\/www.rct-online.de\/magazin\/pfas-verbot-werden-alle-fluorkunststoffe-verboten\/\" \/>\n<meta property=\"og:site_name\" content=\"Reichelt Chemietechnik Magazin\" \/>\n<meta property=\"article:published_time\" content=\"2023-12-15T07:36:23+00:00\" \/>\n<meta property=\"article:modified_time\" content=\"2026-02-20T14:37:33+00:00\" \/>\n<meta property=\"og:image\" content=\"https:\/\/www.rct-online.de\/magazin\/wp-content\/uploads\/2024\/12\/beitragsbild-pfas-verbot.jpg\" \/>\n\t<meta property=\"og:image:width\" content=\"660\" \/>\n\t<meta property=\"og:image:height\" content=\"440\" \/>\n\t<meta property=\"og:image:type\" content=\"image\/jpeg\" \/>\n<meta name=\"author\" content=\"Dr. Stefanie Schiestel\" \/>\n<meta name=\"twitter:card\" content=\"summary_large_image\" \/>\n<meta name=\"twitter:label1\" content=\"Verfasst von\" \/>\n\t<meta name=\"twitter:data1\" content=\"Dr. Stefanie Schiestel\" \/>\n\t<meta name=\"twitter:label2\" content=\"Gesch\u00e4tzte Lesezeit\" \/>\n\t<meta name=\"twitter:data2\" content=\"9\u00a0Minuten\" \/>\n<script type=\"application\/ld+json\" class=\"yoast-schema-graph\">{\"@context\":\"https:\/\/schema.org\",\"@graph\":[{\"@type\":\"WebPage\",\"@id\":\"https:\/\/www.rct-online.de\/magazin\/pfas-verbot-werden-alle-fluorkunststoffe-verboten\/\",\"url\":\"https:\/\/www.rct-online.de\/magazin\/pfas-verbot-werden-alle-fluorkunststoffe-verboten\/\",\"name\":\"PFAS-Verbot: Werden Fluorpolymere verboten? \u00bb RCT Magazin\",\"isPartOf\":{\"@id\":\"https:\/\/www.rct-online.de\/magazin\/#website\"},\"primaryImageOfPage\":{\"@id\":\"https:\/\/www.rct-online.de\/magazin\/pfas-verbot-werden-alle-fluorkunststoffe-verboten\/#primaryimage\"},\"image\":{\"@id\":\"https:\/\/www.rct-online.de\/magazin\/pfas-verbot-werden-alle-fluorkunststoffe-verboten\/#primaryimage\"},\"thumbnailUrl\":\"https:\/\/www.rct-online.de\/magazin\/wp-content\/uploads\/2024\/12\/beitragsbild-pfas-verbot.jpg\",\"datePublished\":\"2023-12-15T07:36:23+00:00\",\"dateModified\":\"2026-02-20T14:37:33+00:00\",\"author\":{\"@id\":\"https:\/\/www.rct-online.de\/magazin\/#\/schema\/person\/89a0b942d2a94d0243d2d5accd82d893\"},\"description\":\"Was sind PFAS und warum soll ihr Einsatz eingeschr\u00e4nkt werden? \u2705 Differenzierung verschiedener PFAS \u2705 Eigenschaften & Bedeutung f\u00fcr die Industrie\",\"breadcrumb\":{\"@id\":\"https:\/\/www.rct-online.de\/magazin\/pfas-verbot-werden-alle-fluorkunststoffe-verboten\/#breadcrumb\"},\"inLanguage\":\"de\",\"potentialAction\":[{\"@type\":\"ReadAction\",\"target\":[\"https:\/\/www.rct-online.de\/magazin\/pfas-verbot-werden-alle-fluorkunststoffe-verboten\/\"]}]},{\"@type\":\"ImageObject\",\"inLanguage\":\"de\",\"@id\":\"https:\/\/www.rct-online.de\/magazin\/pfas-verbot-werden-alle-fluorkunststoffe-verboten\/#primaryimage\",\"url\":\"https:\/\/www.rct-online.de\/magazin\/wp-content\/uploads\/2024\/12\/beitragsbild-pfas-verbot.jpg\",\"contentUrl\":\"https:\/\/www.rct-online.de\/magazin\/wp-content\/uploads\/2024\/12\/beitragsbild-pfas-verbot.jpg\",\"width\":660,\"height\":440},{\"@type\":\"BreadcrumbList\",\"@id\":\"https:\/\/www.rct-online.de\/magazin\/pfas-verbot-werden-alle-fluorkunststoffe-verboten\/#breadcrumb\",\"itemListElement\":[{\"@type\":\"ListItem\",\"position\":1,\"name\":\"Startseite\",\"item\":\"https:\/\/www.rct-online.de\/magazin\/\"},{\"@type\":\"ListItem\",\"position\":2,\"name\":\"PFAS-Verbot: Werden alle Fluorkunststoffe verboten?\"}]},{\"@type\":\"WebSite\",\"@id\":\"https:\/\/www.rct-online.de\/magazin\/#website\",\"url\":\"https:\/\/www.rct-online.de\/magazin\/\",\"name\":\"Reichelt Chemietechnik Magazin\",\"description\":\"\",\"potentialAction\":[{\"@type\":\"SearchAction\",\"target\":{\"@type\":\"EntryPoint\",\"urlTemplate\":\"https:\/\/www.rct-online.de\/magazin\/?s={search_term_string}\"},\"query-input\":\"required name=search_term_string\"}],\"inLanguage\":\"de\"},{\"@type\":\"Person\",\"@id\":\"https:\/\/www.rct-online.de\/magazin\/#\/schema\/person\/89a0b942d2a94d0243d2d5accd82d893\",\"name\":\"Dr. Stefanie Schiestel\",\"image\":{\"@type\":\"ImageObject\",\"inLanguage\":\"de\",\"@id\":\"https:\/\/www.rct-online.de\/magazin\/#\/schema\/person\/image\/\",\"url\":\"https:\/\/www.rct-online.de\/magazin\/wp-content\/uploads\/2024\/07\/Stefanie_Schiestel.jpg\",\"contentUrl\":\"https:\/\/www.rct-online.de\/magazin\/wp-content\/uploads\/2024\/07\/Stefanie_Schiestel.jpg\",\"caption\":\"Dr. Stefanie Schiestel\"},\"description\":\"Stefanie Schiestel hat an den Universit\u00e4ten Saarbr\u00fccken und Heidelberg Chemie studiert und an der Universit\u00e4t Heidelberg promoviert. Anschlie\u00dfend hat sie sieben Jahre am Naval Research Institute in Washington D.C. gearbeitet und ist seitdem in den Bereichen Beschichtung und Analytik t\u00e4tig. Seit 2021 hat sie f\u00fcr das Online-Magazin der Reichelt Chemietechnik mehr als 50 Beitr\u00e4ge verfasst.\",\"url\":\"https:\/\/www.rct-online.de\/magazin\/author\/s-schiestel\/\"}]}<\/script>\n<!-- \/ Yoast SEO plugin. -->","yoast_head_json":{"title":"PFAS-Verbot: Werden Fluorpolymere verboten? \u00bb RCT Magazin","description":"Was sind PFAS und warum soll ihr Einsatz eingeschr\u00e4nkt werden? \u2705 Differenzierung verschiedener PFAS \u2705 Eigenschaften & Bedeutung f\u00fcr die Industrie","robots":{"index":"index","follow":"follow","max-snippet":"max-snippet:-1","max-image-preview":"max-image-preview:large","max-video-preview":"max-video-preview:-1"},"canonical":"https:\/\/www.rct-online.de\/magazin\/pfas-verbot-werden-alle-fluorkunststoffe-verboten\/","og_locale":"de_DE","og_type":"article","og_title":"PFAS-Verbot: Werden Fluorpolymere verboten? \u00bb RCT Magazin","og_description":"Was sind PFAS und warum soll ihr Einsatz eingeschr\u00e4nkt werden? \u2705 Differenzierung verschiedener PFAS \u2705 Eigenschaften & Bedeutung f\u00fcr die Industrie","og_url":"https:\/\/www.rct-online.de\/magazin\/pfas-verbot-werden-alle-fluorkunststoffe-verboten\/","og_site_name":"Reichelt Chemietechnik Magazin","article_published_time":"2023-12-15T07:36:23+00:00","article_modified_time":"2026-02-20T14:37:33+00:00","og_image":[{"width":660,"height":440,"url":"https:\/\/www.rct-online.de\/magazin\/wp-content\/uploads\/2024\/12\/beitragsbild-pfas-verbot.jpg","type":"image\/jpeg"}],"author":"Dr. Stefanie Schiestel","twitter_card":"summary_large_image","twitter_misc":{"Verfasst von":"Dr. Stefanie Schiestel","Gesch\u00e4tzte Lesezeit":"9\u00a0Minuten"},"schema":{"@context":"https:\/\/schema.org","@graph":[{"@type":"WebPage","@id":"https:\/\/www.rct-online.de\/magazin\/pfas-verbot-werden-alle-fluorkunststoffe-verboten\/","url":"https:\/\/www.rct-online.de\/magazin\/pfas-verbot-werden-alle-fluorkunststoffe-verboten\/","name":"PFAS-Verbot: Werden Fluorpolymere verboten? \u00bb RCT Magazin","isPartOf":{"@id":"https:\/\/www.rct-online.de\/magazin\/#website"},"primaryImageOfPage":{"@id":"https:\/\/www.rct-online.de\/magazin\/pfas-verbot-werden-alle-fluorkunststoffe-verboten\/#primaryimage"},"image":{"@id":"https:\/\/www.rct-online.de\/magazin\/pfas-verbot-werden-alle-fluorkunststoffe-verboten\/#primaryimage"},"thumbnailUrl":"https:\/\/www.rct-online.de\/magazin\/wp-content\/uploads\/2024\/12\/beitragsbild-pfas-verbot.jpg","datePublished":"2023-12-15T07:36:23+00:00","dateModified":"2026-02-20T14:37:33+00:00","author":{"@id":"https:\/\/www.rct-online.de\/magazin\/#\/schema\/person\/89a0b942d2a94d0243d2d5accd82d893"},"description":"Was sind PFAS und warum soll ihr Einsatz eingeschr\u00e4nkt werden? \u2705 Differenzierung verschiedener PFAS \u2705 Eigenschaften & Bedeutung f\u00fcr die Industrie","breadcrumb":{"@id":"https:\/\/www.rct-online.de\/magazin\/pfas-verbot-werden-alle-fluorkunststoffe-verboten\/#breadcrumb"},"inLanguage":"de","potentialAction":[{"@type":"ReadAction","target":["https:\/\/www.rct-online.de\/magazin\/pfas-verbot-werden-alle-fluorkunststoffe-verboten\/"]}]},{"@type":"ImageObject","inLanguage":"de","@id":"https:\/\/www.rct-online.de\/magazin\/pfas-verbot-werden-alle-fluorkunststoffe-verboten\/#primaryimage","url":"https:\/\/www.rct-online.de\/magazin\/wp-content\/uploads\/2024\/12\/beitragsbild-pfas-verbot.jpg","contentUrl":"https:\/\/www.rct-online.de\/magazin\/wp-content\/uploads\/2024\/12\/beitragsbild-pfas-verbot.jpg","width":660,"height":440},{"@type":"BreadcrumbList","@id":"https:\/\/www.rct-online.de\/magazin\/pfas-verbot-werden-alle-fluorkunststoffe-verboten\/#breadcrumb","itemListElement":[{"@type":"ListItem","position":1,"name":"Startseite","item":"https:\/\/www.rct-online.de\/magazin\/"},{"@type":"ListItem","position":2,"name":"PFAS-Verbot: Werden alle Fluorkunststoffe verboten?"}]},{"@type":"WebSite","@id":"https:\/\/www.rct-online.de\/magazin\/#website","url":"https:\/\/www.rct-online.de\/magazin\/","name":"Reichelt Chemietechnik Magazin","description":"","potentialAction":[{"@type":"SearchAction","target":{"@type":"EntryPoint","urlTemplate":"https:\/\/www.rct-online.de\/magazin\/?s={search_term_string}"},"query-input":"required name=search_term_string"}],"inLanguage":"de"},{"@type":"Person","@id":"https:\/\/www.rct-online.de\/magazin\/#\/schema\/person\/89a0b942d2a94d0243d2d5accd82d893","name":"Dr. Stefanie Schiestel","image":{"@type":"ImageObject","inLanguage":"de","@id":"https:\/\/www.rct-online.de\/magazin\/#\/schema\/person\/image\/","url":"https:\/\/www.rct-online.de\/magazin\/wp-content\/uploads\/2024\/07\/Stefanie_Schiestel.jpg","contentUrl":"https:\/\/www.rct-online.de\/magazin\/wp-content\/uploads\/2024\/07\/Stefanie_Schiestel.jpg","caption":"Dr. Stefanie Schiestel"},"description":"Stefanie Schiestel hat an den Universit\u00e4ten Saarbr\u00fccken und Heidelberg Chemie studiert und an der Universit\u00e4t Heidelberg promoviert. Anschlie\u00dfend hat sie sieben Jahre am Naval Research Institute in Washington D.C. gearbeitet und ist seitdem in den Bereichen Beschichtung und Analytik t\u00e4tig. Seit 2021 hat sie f\u00fcr das Online-Magazin der Reichelt Chemietechnik mehr als 50 Beitr\u00e4ge verfasst.","url":"https:\/\/www.rct-online.de\/magazin\/author\/s-schiestel\/"}]}},"_links":{"self":[{"href":"https:\/\/www.rct-online.de\/magazin\/wp-json\/wp\/v2\/posts\/9344"}],"collection":[{"href":"https:\/\/www.rct-online.de\/magazin\/wp-json\/wp\/v2\/posts"}],"about":[{"href":"https:\/\/www.rct-online.de\/magazin\/wp-json\/wp\/v2\/types\/post"}],"author":[{"embeddable":true,"href":"https:\/\/www.rct-online.de\/magazin\/wp-json\/wp\/v2\/users\/13"}],"replies":[{"embeddable":true,"href":"https:\/\/www.rct-online.de\/magazin\/wp-json\/wp\/v2\/comments?post=9344"}],"version-history":[{"count":13,"href":"https:\/\/www.rct-online.de\/magazin\/wp-json\/wp\/v2\/posts\/9344\/revisions"}],"predecessor-version":[{"id":13842,"href":"https:\/\/www.rct-online.de\/magazin\/wp-json\/wp\/v2\/posts\/9344\/revisions\/13842"}],"wp:featuredmedia":[{"embeddable":true,"href":"https:\/\/www.rct-online.de\/magazin\/wp-json\/wp\/v2\/media\/9352"}],"wp:attachment":[{"href":"https:\/\/www.rct-online.de\/magazin\/wp-json\/wp\/v2\/media?parent=9344"}],"wp:term":[{"taxonomy":"category","embeddable":true,"href":"https:\/\/www.rct-online.de\/magazin\/wp-json\/wp\/v2\/categories?post=9344"},{"taxonomy":"post_tag","embeddable":true,"href":"https:\/\/www.rct-online.de\/magazin\/wp-json\/wp\/v2\/tags?post=9344"}],"curies":[{"name":"wp","href":"https:\/\/api.w.org\/{rel}","templated":true}]}}