{"id":7247,"date":"2021-09-24T14:33:30","date_gmt":"2021-09-24T12:33:30","guid":{"rendered":"https:\/\/www.rct-online.de\/magazin\/?p=7247"},"modified":"2024-07-24T15:08:19","modified_gmt":"2024-07-24T13:08:19","slug":"becherglas-und-erlenmeyerkolben","status":"publish","type":"post","link":"https:\/\/www.rct-online.de\/magazin\/becherglas-und-erlenmeyerkolben\/","title":{"rendered":"Becherglas und Erlenmeyerkolben \u2013 ihre Geschichte und Namensgeber"},"content":{"rendered":"<div id=\"ez-toc-container\" class=\"ez-toc-v2_0_73 ez-toc-wrap-center counter-hierarchy ez-toc-counter ez-toc-white ez-toc-container-direction\">\n<div class=\"ez-toc-title-container\">\n<p class=\"ez-toc-title\" style=\"cursor:inherit\">Inhaltsverzeichnis<\/p>\n<span class=\"ez-toc-title-toggle\"><a href=\"#\" class=\"ez-toc-pull-right ez-toc-btn ez-toc-btn-xs ez-toc-btn-default ez-toc-toggle\" aria-label=\"Toggle Table of Content\"><span class=\"ez-toc-js-icon-con\"><span class=\"\"><span class=\"eztoc-hide\" style=\"display:none;\">Toggle<\/span><span class=\"ez-toc-icon-toggle-span\"><svg style=\"fill: #999;color:#999\" xmlns=\"http:\/\/www.w3.org\/2000\/svg\" class=\"list-377408\" width=\"20px\" height=\"20px\" viewBox=\"0 0 24 24\" fill=\"none\"><path d=\"M6 6H4v2h2V6zm14 0H8v2h12V6zM4 11h2v2H4v-2zm16 0H8v2h12v-2zM4 16h2v2H4v-2zm16 0H8v2h12v-2z\" fill=\"currentColor\"><\/path><\/svg><svg style=\"fill: #999;color:#999\" class=\"arrow-unsorted-368013\" xmlns=\"http:\/\/www.w3.org\/2000\/svg\" width=\"10px\" height=\"10px\" viewBox=\"0 0 24 24\" version=\"1.2\" baseProfile=\"tiny\"><path d=\"M18.2 9.3l-6.2-6.3-6.2 6.3c-.2.2-.3.4-.3.7s.1.5.3.7c.2.2.4.3.7.3h11c.3 0 .5-.1.7-.3.2-.2.3-.5.3-.7s-.1-.5-.3-.7zM5.8 14.7l6.2 6.3 6.2-6.3c.2-.2.3-.5.3-.7s-.1-.5-.3-.7c-.2-.2-.4-.3-.7-.3h-11c-.3 0-.5.1-.7.3-.2.2-.3.5-.3.7s.1.5.3.7z\"\/><\/svg><\/span><\/span><\/span><\/a><\/span><\/div>\n<nav><ul class='ez-toc-list ez-toc-list-level-1 ' ><li class='ez-toc-page-1 ez-toc-heading-level-2'><a class=\"ez-toc-link ez-toc-heading-1\" href=\"https:\/\/www.rct-online.de\/magazin\/becherglas-und-erlenmeyerkolben\/#Das_Becherglas\" title=\"Das Becherglas\">Das Becherglas<\/a><\/li><li class='ez-toc-page-1 ez-toc-heading-level-2'><a class=\"ez-toc-link ez-toc-heading-2\" href=\"https:\/\/www.rct-online.de\/magazin\/becherglas-und-erlenmeyerkolben\/#%E2%80%A6_und_Abwandlungen_der_Becherglases\" title=\"\u2026 und Abwandlungen der Becherglases\">\u2026 und Abwandlungen der Becherglases<\/a><\/li><li class='ez-toc-page-1 ez-toc-heading-level-2'><a class=\"ez-toc-link ez-toc-heading-3\" href=\"https:\/\/www.rct-online.de\/magazin\/becherglas-und-erlenmeyerkolben\/#Der_Erlenmeyerkolben\" title=\"Der Erlenmeyerkolben\">Der Erlenmeyerkolben<\/a><\/li><li class='ez-toc-page-1 ez-toc-heading-level-2'><a class=\"ez-toc-link ez-toc-heading-4\" href=\"https:\/\/www.rct-online.de\/magazin\/becherglas-und-erlenmeyerkolben\/#Erlenmeyerkolben_und_Laborgeraete_aus_modernen_Wertstoffen\" title=\"Erlenmeyerkolben und Laborger\u00e4te aus modernen Wertstoffen\">Erlenmeyerkolben und Laborger\u00e4te aus modernen Wertstoffen<\/a><\/li><\/ul><\/nav><\/div>\n<p style=\"text-align: justify;\"><strong>Das chemische Labor \u2013 noch immer ist es f\u00fcr den Laien ein Ort, dem ein Hauch des Ungewissen anhaftet. Dabei ist das Labor von heute nicht mehr mit dem Labor fr\u00fcherer Zeiten vergleichbar, als man am offenen Herd noch mit Brennblase und Destillierhaube hantierte. Auch die Retorte ist l\u00e4ngst passee, wenngleich sie noch nicht g\u00e4nzlich in Vergessenheit geraten ist. Sie ist das Symbol f\u00fcr Chemie schlechthin geblieben. Aber manches andere <a href=\"https:\/\/www.rct-online.de\/de\/laborbedarf\/laborgeraete-und-utensilien\">Laborutensil<\/a>, das unsere Altvorderen schon nutzten, blieb bis heute im Gebrauch und wurde auch von Neuerungen nicht verdr\u00e4ngt, weil es sich im t\u00e4glichen Gebrauch bew\u00e4hrt hat. Oft ist es mit dem Namen desjenigen verbunden, der es erdacht und eingef\u00fchrt hat. Zwei solcher <a href=\"https:\/\/www.rct-online.de\/de\/laborbedarf\/laborbehaelter\">Laborbeh\u00e4lter<\/a> sind das <a href=\"https:\/\/www.rct-online.de\/de\/laborbedarf\/laborbehaelter\/messbecher-und-messkolben\">Becherglas und der Erlenmeyer-Kolben<\/a>.<\/strong><\/p>\n<h2><span class=\"ez-toc-section\" id=\"Das_Becherglas\"><\/span>Das Becherglas<span class=\"ez-toc-section-end\"><\/span><\/h2>\n<p style=\"text-align: justify;\">Das Becherglas geh\u00f6rt zweifelsfrei zur Ausstattung eines jeden chemischen Labors. Dass jedoch der Universalgelehrte<em> Johann Joachim Becher<\/em> als Namensgeber f\u00fcr das Becherglas steht, scheint abwegig, auch wenn er um 1669 in M\u00fcnchen wenige Jahre lang ein alchimistisches Labor betrieben hat. <em>Johann Joachim Becher,<\/em> geboren 1635 zu Speyer und gestorben 1682 in London, diente dem Mainzer Kurf\u00fcrsten Johann Philipp von Sch\u00f6nborn (1617 \u2013 1680) als Leibarzt und Wirtschaftsberater, war Hofmedicus und Mathematiker am Hof des Bayrischen Kurf\u00fcrsten Ferdinand Maria (1636 \u2013 1679), beriet Kaiser Leopold I. (1640 \u2013 1705) in aktuellen Finanzfragen und den Herzog von Cumberland und Graf von Holderness, Prinz Ruprecht von der Pfalz (1614 \u2013 1682), beim Aufbau der H\u00fcttenindustrie in Schottland.<\/p>\n<p><center><a href=\"https:\/\/www.rct-online.de\/de\/laborbedarf\/laborbehaelter\/messbecher-und-messkolben\/becher-aus-etfe\"><img loading=\"lazy\" decoding=\"async\" class=\"alignnone wp-image-7269 size-full\" title=\"Becher aus ETFE\" src=\"https:\/\/www.rct-online.de\/magazin\/wp-content\/uploads\/2021\/10\/Becher-aus-ETFE.jpg\" alt=\"Becher aus ETFE\" width=\"300\" height=\"300\" srcset=\"https:\/\/www.rct-online.de\/magazin\/wp-content\/uploads\/2021\/10\/Becher-aus-ETFE.jpg 300w, https:\/\/www.rct-online.de\/magazin\/wp-content\/uploads\/2021\/10\/Becher-aus-ETFE-150x150.jpg 150w\" sizes=\"(max-width: 300px) 100vw, 300px\" \/><\/a> <a href=\"https:\/\/www.rct-online.de\/de\/laborbedarf\/laborbehaelter\/messbecher-und-messkolben\/becher-aus-pmp-tpx\"><img loading=\"lazy\" decoding=\"async\" class=\"alignnone wp-image-7270 size-full\" title=\"Becher aus PMP (TPX)\" src=\"https:\/\/www.rct-online.de\/magazin\/wp-content\/uploads\/2021\/10\/Becher-aus-PMP-TPX.jpg\" alt=\"Becher aus PMP (TPX)\" width=\"300\" height=\"300\" srcset=\"https:\/\/www.rct-online.de\/magazin\/wp-content\/uploads\/2021\/10\/Becher-aus-PMP-TPX.jpg 300w, https:\/\/www.rct-online.de\/magazin\/wp-content\/uploads\/2021\/10\/Becher-aus-PMP-TPX-150x150.jpg 150w\" sizes=\"(max-width: 300px) 100vw, 300px\" \/><\/a><\/center><\/p>\n<p style=\"text-align: justify;\">Den \u201eBecher\u201c als Gef\u00e4\u00df kannte man bereits im Altertum. Im deutschen Sprachgebrauch ist er in heutiger Schreibweise schon im Mittelhochdeutschen nachweisbar, dessen Anfang um das Jahr 1050 datiert wird. Dennoch sind mit dem Becher f\u00fcr das chemische Labor, der heute \u201e<a href=\"https:\/\/www.rct-online.de\/de\/laborbedarf\/laborbehaelter\/messbecher-und-messkolben\/becher-aus-pmp-tpx\">Becherglas<\/a>\u201c hei\u00dft, Namen von Gelehrten fr\u00fcherer Zeit verbunden, die meist schon in Vergessenheit geraten sind.<\/p>\n<p style=\"text-align: justify;\"><div class=\"box note  \"><div class=\"box-inner-block\"><i class=\"fa tie-shortcode-boxicon\"><\/i>\n\t\t\tEiner der fr\u00fchen Namengeber f\u00fcr das Becherglas ist der britische Chemiker <em>John Joseph Griffin<\/em>, geboren 1802 in London und 1897 hier auch gestorben.\n\t\t\t<\/div><\/div>\n<p style=\"text-align: justify;\">Der \u201eGriffin-Becher\u201c ist das \u00fcbliche, breite Becherglas mit B\u00f6rdelrand und Ausguss, oft auch noch mit eingebrannter Volumen-Graduierung. \u00dcber <em>Griffin<\/em> selbst ist nicht viel bekannt. Seine Ausbildung erhielt er am Andersonian Institute in Glasgow, einer 1796 von dem Orientalisten und Naturphilosophen <em>John Anderson<\/em> (1726 \u2013 1796) gegr\u00fcndeten, privaten Ausbildungsst\u00e4tte, aus der das sp\u00e4tere Royal College of Science and Techology hervorging und bis heute Bestand hat.<\/p>\n<p style=\"text-align: justify;\">In den 1830er Jahren setzte er sein Studium in Heidelberg bei <em>Leopold Gmelin<\/em> (1788 \u2013 1853) fort, dem Begr\u00fcnder des enzyklop\u00e4dischen \u201eHandbuchs der anorganischen Chemie\u201c. Danach kehrte <em>Griffin<\/em> nach Glasgow zur\u00fcck, wo er sich mit der Entwicklung und dem Handel chemischer Apparaturen befasste.<\/p>\n<p style=\"text-align: justify;\">Die schmale, hohe Form des Becherglases, dessen Durchmesser merkbar kleiner ist als seine H\u00f6he, wird dem schwedischen Chemiker und Entdecker <em>J\u00f6ns Jakob Berzelius<\/em> zugeschrieben und ist als \u201eBerzelius-Becher\u201c in die \u00e4ltere Geschichte der Chemie eingegangen.<\/p>\n<figure id=\"attachment_7255\" aria-describedby=\"caption-attachment-7255\" style=\"width: 350px\" class=\"wp-caption aligncenter\"><img loading=\"lazy\" decoding=\"async\" class=\"wp-image-7255\" title=\"Der schwedische Mediziner und Chemiker Joens Jakob Berzelius in einer Litographie von 1836\" src=\"https:\/\/www.rct-online.de\/magazin\/wp-content\/uploads\/2021\/10\/Der-schwedische-Mediziner-und-Chemiker-Joens-Jakob-Berzelius-in-einer-Litographie-von-1836.jpg\" alt=\"Der schwedische Mediziner und Chemiker Joens Jakob Berzelius in einer Litographie von 1836\" width=\"350\" height=\"391\" srcset=\"https:\/\/www.rct-online.de\/magazin\/wp-content\/uploads\/2021\/10\/Der-schwedische-Mediziner-und-Chemiker-Joens-Jakob-Berzelius-in-einer-Litographie-von-1836.jpg 430w, https:\/\/www.rct-online.de\/magazin\/wp-content\/uploads\/2021\/10\/Der-schwedische-Mediziner-und-Chemiker-Joens-Jakob-Berzelius-in-einer-Litographie-von-1836-269x300.jpg 269w\" sizes=\"(max-width: 350px) 100vw, 350px\" \/><figcaption id=\"caption-attachment-7255\" class=\"wp-caption-text\"><center>Der schwedische Mediziner und Chemiker Joens Jakob Berzelius in einer Litographie von 1836<\/center><\/figcaption><\/figure>\n<p style=\"text-align: justify;\"><em>Berzelius<\/em> wurde 1779 auf dem Landgut seines Onkels in der s\u00fcdschwedischen Provinz \u00d6stergotland geboren und starb 1844 in Stockholm. Er studierte an der Universit\u00e4t in Uppsala Medizin sowie Chemie und gilt als der bedeutendste Chemiker seiner Zeit. Seit 1808 war er Mitglied der k\u00f6niglich Schwedischen Akademie der Wissenschaften.<\/p>\n<div class=\"box info  \"><div class=\"box-inner-block\"><i class=\"fa tie-shortcode-boxicon\"><\/i>\n\t\t\t<em>Berzelius<\/em> ersetzte die bis dahin \u00fcblichen alchimistischen Zeichen f\u00fcr die chemischen Elemente durch die Buchstaben-Symbolik und entdeckte mehrere chemische Elemente.\n\t\t\t<\/div><\/div>\n<p style=\"text-align: justify;\">Auf ihn gehen auch viele Verbesserungen der Laborausr\u00fcstung zur\u00fcck, wie der Spiritusbrenner, der vor allem im klinischen Labor immer noch unentbehrlich ist. Die damalige Bezeichnung \u201eBerzeliuslampe\u201c hat sich allerdings nicht erhalten.<\/p>\n<h2><span class=\"ez-toc-section\" id=\"%E2%80%A6_und_Abwandlungen_der_Becherglases\"><\/span>\u2026 und Abwandlungen der Becherglases<span class=\"ez-toc-section-end\"><\/span><\/h2>\n<p style=\"text-align: justify;\">Der kaum noch gebr\u00e4uchliche \u201ePhillips-Becher\u201c ist ein nach oben leicht konisch geformtes Becherglas mit B\u00f6rdelrand und Ausguss, den der britische Chemiker <em>Peregrine Phillips<\/em> (1800 \u2013 1888) aus Bristol eingef\u00fchrt hat. <em>Phillips<\/em>, der in seinen fr\u00fchen Jahren bis 1831 in einer Weinhandlung besch\u00e4ftigt war, hatte seinem Becherglas damit eine kannen\u00e4hnliche Form gegeben und es wohl mehr als Probiergef\u00e4\u00df f\u00fcr Wein erdacht, als ein Utensil f\u00fcr das chemische Labor.<\/p>\n<figure id=\"attachment_7257\" aria-describedby=\"caption-attachment-7257\" style=\"width: 300px\" class=\"wp-caption aligncenter\"><img loading=\"lazy\" decoding=\"async\" class=\"wp-image-7257\" title=\"Die nach Berzelius benannten schmalen, hohen Bechergl\u00e4ser\" src=\"https:\/\/www.rct-online.de\/magazin\/wp-content\/uploads\/2021\/10\/Die-nach-Berzelius-benannten-schmalen-hohen-Becherglaeser.jpg\" alt=\"Die nach Berzelius benannten schmalen, hohen Becherglaeser\" width=\"300\" height=\"451\" srcset=\"https:\/\/www.rct-online.de\/magazin\/wp-content\/uploads\/2021\/10\/Die-nach-Berzelius-benannten-schmalen-hohen-Becherglaeser.jpg 800w, https:\/\/www.rct-online.de\/magazin\/wp-content\/uploads\/2021\/10\/Die-nach-Berzelius-benannten-schmalen-hohen-Becherglaeser-199x300.jpg 199w, https:\/\/www.rct-online.de\/magazin\/wp-content\/uploads\/2021\/10\/Die-nach-Berzelius-benannten-schmalen-hohen-Becherglaeser-680x1024.jpg 680w, https:\/\/www.rct-online.de\/magazin\/wp-content\/uploads\/2021\/10\/Die-nach-Berzelius-benannten-schmalen-hohen-Becherglaeser-768x1156.jpg 768w\" sizes=\"(max-width: 300px) 100vw, 300px\" \/><figcaption id=\"caption-attachment-7257\" class=\"wp-caption-text\"><center>Die nach Berzelius benannten schmalen, hohen Bechergl\u00e4ser<\/center><\/figcaption><\/figure>\n<p style=\"text-align: justify;\">Seine weit bedeutendere Leistung war indessen die Verfahrensentwicklung f\u00fcr die katalytische Oxidation von Schwefeldioxid (SO<sub>2<\/sub>) zu Schwefeltrioxid (SO<sub>3<\/sub>), wof\u00fcr ihm 1831 ein Patent erteilt wurde. Es ist die Grundlage f\u00fcr das inzwischen weltweit genutzte Kontaktverfahren zur Schwefels\u00e4uregewinnung. Ob er daraus jemals Profit gezogen hat, darf bezweifelt werden. Denn erst in den 1920er Jahren, als elementares Platin durch einen effektiveren, auf Vanadiumpentoxid (V<sub>2<\/sub>O<sub>5<\/sub>) basierenden Katalysator ersetzt werden konnte, war das Verfahren f\u00fcr die industrielle Schwefels\u00e4ureproduktion tauglich und verdr\u00e4ngte mehr und mehr das 1746 von dem englischen Arzt und Chemiker <em>John Roebuck<\/em> (1718 \u2013 1791) aus Birmingham entwickelte Bleikammerverfahren.<\/p>\n<p style=\"text-align: justify;\">Das \u201eImhoff-Glas\u201c ist ein nach unten spitz zulaufender, kelchartiger Glasbecher. Es verf\u00fcgt \u00fcber eine Volumen-Graduierung und steht, da ihm die Auflagefl\u00e4che fehlt, in einer Halterung. Sein Namengeber ist der deutsche Bauingenieur <em>Karl Ludwig Imhoff<\/em>. Der 1876 in Mannheim Geborene studierte in M\u00fcnchen an der Technischen Universit\u00e4t und an der Technischen Hochschule in Karlsruhe, wo er auch den Doktortitel erwarb. <em>Imhoff<\/em>, der sich zeitlebens mit Problemen der Stadtentw\u00e4sserung, Abwasserbehandlung und Reinhaltung von Fl\u00fcssen auseinander gesetzt hat, starb hochgeehrt im Jahre 1965 in Essen.<\/p>\n<p><center><a href=\"https:\/\/www.rct-online.de\/de\/laborbedarf\/laborbehaelter\/trichter\/rct-zubehoer-gestell-fuer-sedimentiergefaess-aus-pmma\"><img loading=\"lazy\" decoding=\"async\" class=\"alignnone wp-image-7273 size-full\" title=\"RCT\u00ae-Zubeh\u00f6r: Gestell f\u00fcr Sedimentiergef\u00e4\u00df aus PMMA\" src=\"https:\/\/www.rct-online.de\/magazin\/wp-content\/uploads\/2021\/10\/RCT-Zubehoer-Gestell-fuer-Sedimentiergefaess-aus-PMMA.jpg\" alt=\"RCT-Zubehoer Gestell fuer Sedimentiergefaess aus PMMA\" width=\"300\" height=\"300\" srcset=\"https:\/\/www.rct-online.de\/magazin\/wp-content\/uploads\/2021\/10\/RCT-Zubehoer-Gestell-fuer-Sedimentiergefaess-aus-PMMA.jpg 300w, https:\/\/www.rct-online.de\/magazin\/wp-content\/uploads\/2021\/10\/RCT-Zubehoer-Gestell-fuer-Sedimentiergefaess-aus-PMMA-150x150.jpg 150w\" sizes=\"(max-width: 300px) 100vw, 300px\" \/><\/a> <a href=\"https:\/\/www.rct-online.de\/de\/laborbedarf\/laborbehaelter\/trichter\/scheidetrichter-aus-pp\"><img loading=\"lazy\" decoding=\"async\" class=\"alignnone wp-image-7274 size-full\" title=\"Scheidetrichter aus PP\" src=\"https:\/\/www.rct-online.de\/magazin\/wp-content\/uploads\/2021\/10\/Scheidetrichter-aus-PP.jpg\" alt=\"Scheidetrichter aus PP\" width=\"300\" height=\"300\" srcset=\"https:\/\/www.rct-online.de\/magazin\/wp-content\/uploads\/2021\/10\/Scheidetrichter-aus-PP.jpg 300w, https:\/\/www.rct-online.de\/magazin\/wp-content\/uploads\/2021\/10\/Scheidetrichter-aus-PP-150x150.jpg 150w\" sizes=\"(max-width: 300px) 100vw, 300px\" \/><\/a><\/center><\/p>\n<p style=\"text-align: justify;\">Das Imhoff-Glas, das auch \u201eImhoff-Trichter\u201c oder noch viel treffender \u201e<a href=\"https:\/\/www.rct-online.de\/de\/laborbedarf\/laborbehaelter\/trichter\/sedimentiergefaess-aus-san-nach-imhoff\">Sedimentiergef\u00e4\u00df nach Imhoff<\/a>\u201c genannt wird, dient der Mengenbestimmung von Sedimenten in Abw\u00e4ssern. Die Graduierung und steile Kelchform des Gef\u00e4\u00dfes lassen die recht genaue Ablesung auch von nur geringen Mengen sedimentierten Materials zu. So geh\u00f6rt dieses einfache, von <em>Karl Ludwig Imhoff<\/em> eingef\u00fchrte Laborger\u00e4t noch immer mit zur Laborausstattung eines jeden Abwasserlabors, wie auch sein 1906, bereits im Alter von 30 Jahren verfasstes \u201eTaschenbuch der Stadtentw\u00e4sserung\u201c, das bis heute als grundlegendes Nachschlagewerk f\u00fcr die Abwasserwirtschaft gilt.<\/p>\n<h2><span class=\"ez-toc-section\" id=\"Der_Erlenmeyerkolben\"><\/span>Der Erlenmeyerkolben<span class=\"ez-toc-section-end\"><\/span><\/h2>\n<p style=\"text-align: justify;\">Im Jahre 1874 f\u00fchrte der Chemiker und Apotheker <em>Emil Erlenmeyer<\/em> seinen \u201eSch\u00fcttel-Kolben\u201c ein, der als \u201e<a href=\"https:\/\/www.rct-online.de\/de\/laborbedarf\/laborbehaelter\/messbecher-und-messkolben\/erlenmeyer-kolben-aus-pc-mit-schraubkappe\">Erlenmeyer-Kolben<\/a>\u201c (auch Erlenmeyerkolben geschrieben) publik geworden ist. Das konische Glasgef\u00e4\u00df mit flachem Boden ist dem Phillips-Becher zwar \u00e4hnlich, die Erlenmeyerkolben-Flanken sind jedoch flacher und enden in einem zylindrischen Hals. Unterschieden wird dabei zwischen den Hals-Formen Enghals- und Weithals-Kolben.<\/p>\n<div class=\"box success  \"><div class=\"box-inner-block\"><i class=\"fa tie-shortcode-boxicon\"><\/i>\n\t\t\tGelegentlich ist der Erlenmeyer-Kolben dem Becher-Glas, ob nach <em>Griffin<\/em> oder <em>Berzelius, <\/em>beim Arbeiten vorzuziehen, denn er kann mit einem Stopfen verschlossen werden.\n\t\t\t<\/div><\/div>\n<p style=\"text-align: justify;\">Als sogenannte Iodzahlkolben sind Erlenmeyerkolben skaliert und mit Normschliff-Stopfen ausger\u00fcstet. Auch die von <em>Erlenmeye<\/em>r selbst gew\u00e4hlte Bezeichnung \u201eSch\u00fcttelkolben\u201c l\u00e4sst Schl\u00fcsse auf den nutzbringenden Einsatz des Erlenmeyerkolben zu: die Gefahr des Verspritzens beim Umgang mit L\u00f6sungen, die in diesem Kolben aufbewahrt werden,\u00a0 ist durch die konische Formgebung des Erlenmeyer-Kolbens gegen\u00fcber dem Becherglas erheblich verringert.<\/p>\n<figure id=\"attachment_7267\" aria-describedby=\"caption-attachment-7267\" style=\"width: 300px\" class=\"wp-caption aligncenter\"><img loading=\"lazy\" decoding=\"async\" class=\"wp-image-7267\" title=\"Der deutsche Chemiker Emil Erlenmeyer um 1863\" src=\"https:\/\/www.rct-online.de\/magazin\/wp-content\/uploads\/2021\/10\/Der-deutsche-Chemiker-Emil-Erlenmeyer-um-1863.jpg\" alt=\"Der deutsche Chemiker Emil Erlenmeyer um 1863\" width=\"300\" height=\"355\" srcset=\"https:\/\/www.rct-online.de\/magazin\/wp-content\/uploads\/2021\/10\/Der-deutsche-Chemiker-Emil-Erlenmeyer-um-1863.jpg 406w, https:\/\/www.rct-online.de\/magazin\/wp-content\/uploads\/2021\/10\/Der-deutsche-Chemiker-Emil-Erlenmeyer-um-1863-254x300.jpg 254w\" sizes=\"(max-width: 300px) 100vw, 300px\" \/><figcaption id=\"caption-attachment-7267\" class=\"wp-caption-text\"><center>Der deutsche Chemiker Emil Erlenmeyer um 1863<\/center><\/figcaption><\/figure>\n<p style=\"text-align: justify;\"><em>Richard August Carl Emil Erlenmeyer<\/em>, so der vollst\u00e4ndiger Name, wurde 1825 in Wehen, unweit Wiesbadens, geboren. Sein mit 18 Jahren begonnenes Medizinstudium brach er aber schon bald ab und studierte in Heidelberg und Gie\u00dfen Chemie. Dazu legte er auch noch das pharmazeutische Staatsexamen ab, um seinen Unterhalt zun\u00e4chst als Apotheker zu bestreiten. Sein Plan, einen ertragreichen, chemisch-pharmazeutischen Betrieb zu gr\u00fcnden, schlug aber fehl.<\/p>\n<p style=\"text-align: justify;\">In Heidelberg nahm er schlie\u00dflich eine Stelle als Hochschullehrer an. Daneben befasste er sich in seinem Privatlabor mit der Gewinnung und Wirkungsweise von D\u00fcngemitteln und beriet D\u00fcngemittelproduzenten und Landwirte. 1868 wurde <em>Erlenmeyer<\/em> an die soeben von K\u00f6nig Ludwig II. (1845 \u2013 1886) gegr\u00fcndete Polytechnische Schule in M\u00fcnchen berufen, der sp\u00e4teren K\u00f6niglich-Bayrischen Technischen Universit\u00e4t, deren Direktor er bis 1883 war. Er starb 1909 in Aschaffenburg.<\/p>\n<p><center><a href=\"https:\/\/www.rct-online.de\/de\/laborbedarf\/laborbehaelter\/messbecher-und-messkolben\/erlenmeyer-kolben-aus-fep-mit-schraubverschluss\"><img loading=\"lazy\" decoding=\"async\" class=\"alignnone wp-image-7278 size-full\" title=\"Erlenmeyer-Kolben aus FEP - mit Schraubverschluss\" src=\"https:\/\/www.rct-online.de\/magazin\/wp-content\/uploads\/2021\/10\/Erlenmeyer-Kolben-aus-FEP-mit-Schraubverschluss.jpg\" alt=\"Erlenmeyer-Kolben aus FEP mit Schraubverschluss\" width=\"300\" height=\"270\" \/><\/a> <a href=\"https:\/\/www.rct-online.de\/de\/laborbedarf\/laborbehaelter\/messbecher-und-messkolben\/erlenmeyer-kolben-aus-pc\"><img loading=\"lazy\" decoding=\"async\" class=\"alignnone wp-image-7279 size-full\" title=\"Erlenmeyer-Kolben aus PC\" src=\"https:\/\/www.rct-online.de\/magazin\/wp-content\/uploads\/2021\/10\/Erlenmeyer-Kolben-aus-PC.jpg\" alt=\"Erlenmeyer-Kolben aus PC\" width=\"300\" height=\"280\" \/><\/a><\/center><\/p>\n<p style=\"text-align: justify;\"><em>Erlenmeyer<\/em> erfand nicht nur den Erlenmeyerkolben, sondern leistete bedeutende Beitr\u00e4ge zur Strukturaufkl\u00e4rung organisch-chemischer Verbindungen und formulierte zahlreiche Gesetzm\u00e4\u00dfigkeiten. So erkannte er, dass sich Molek\u00fcle mit mehr als einer Hydroxylgruppe an einem Kohlenstoffatom durch Wasserabspaltung stabilisieren. Letzteres ist als \u201eErlenmeyer\u2018sche Regel\u201c in die Wissenschaft eingegangen und wie der Erlenmeyerkolben bis heute bekannt. Sein Postulat, dass Kohlenstoff auch Mehrfachbindungen eingehen kann, wurde wenig sp\u00e4ter von dem tschechisch-\u00f6sterreichischen Physikochemiker <em>Johann Joseph Loschmidt<\/em> (1821 \u2013 1895) in Wien best\u00e4tigt. <em>Loschmidt<\/em> war es auch, der die Begriffe \u201eDoppelbindung\u201c und \u201eDreifachbindung\u201c als Fachtermini in die Wissenschaft einf\u00fchrte.<\/p>\n<h2><span class=\"ez-toc-section\" id=\"Erlenmeyerkolben_und_Laborgeraete_aus_modernen_Wertstoffen\"><\/span>Erlenmeyerkolben und Laborger\u00e4te aus modernen Wertstoffen<span class=\"ez-toc-section-end\"><\/span><\/h2>\n<p style=\"text-align: justify;\">Dem Fortschritt der Zeit entsprechend sind Bechergl\u00e4ser und Erlenmeyerkolben heute nicht mehr nur aus Glas zu haben, sondern auch als <a href=\"https:\/\/www.rct-online.de\/de\/laborbedarf\/laborbehaelter\/flaschen-ballons-und-zubehoer\">Laborbecher aus Kunststoffen<\/a>: als glasklare, leichte Labor-Becher aus Polymethylpenten (PMP\/TPX) oder Polycarbonat (PC), als chemisch stabile Laborbecher aus Polytetrafluorethylen (PTFE) oder Polypropylen (PP) und als Labor-Becher aus Perflouralkoxy-Polymer (PFA), die wie gew\u00f6hnliche Bechergl\u00e4ser aus Glas auf der Heizplatte erw\u00e4rmt werden k\u00f6nnen.<\/p>\n<p style=\"text-align: justify;\">Gleiches gilt auch f\u00fcr Erlenmeyer-Kolben, die als Iodzahlkolben auch als Kolben mit Schraubkappe verf\u00fcgbar sind. Und auch das Imhoff\u2018sche Sedimentiergef\u00e4\u00df ist, wie der Erlenmeyerkolben, kaum mehr noch aus Glas im Gebrauch; inzwischen hat sich das bruchsichere und damit auch f\u00fcr den Feldeinsatz besser geeignete Sedimentiergef\u00e4\u00df nach Imhoff aus SAN, aus glasklarem Styrolacrylnitril, durchgesetzt.<\/p>\n<pre><strong>Bildquellen:<\/strong>\r\nBeitragsbild | \u00a9 totojang1977 \u2013 stock.adobe.com\r\nBechergl\u00e4ser | \u00a9 Daco \u2013 stock.adobe.com<\/pre>\n<p>&nbsp;<\/p>\n","protected":false},"excerpt":{"rendered":"<p>Das chemische Labor \u2013 noch immer ist es f\u00fcr den Laien ein Ort, dem ein Hauch des Ungewissen anhaftet. Dabei ist das Labor von heute nicht mehr mit dem Labor fr\u00fcherer Zeiten vergleichbar, als man am offenen Herd noch mit Brennblase und Destillierhaube hantierte. Auch die Retorte ist l\u00e4ngst passee, wenngleich sie noch nicht g\u00e4nzlich &hellip;<\/p>\n","protected":false},"author":7,"featured_media":7254,"comment_status":"closed","ping_status":"open","sticky":false,"template":"","format":"standard","meta":{"footnotes":""},"categories":[117,3],"tags":[683,1075,1080,1079,136,1076,200,631,38,308,1081,327,627,1077,47,372,380,1078,521],"class_list":["post-7247","post","type-post","status-publish","format-standard","has-post-thumbnail","","category-alle-beitraege","category-chemietechnik-im-einsatz","tag-becher","tag-becherglas","tag-erlenmeyer","tag-erlenmeyer-kolben","tag-erlenmeyerkolben","tag-etfe","tag-fep","tag-gestell","tag-labor","tag-laborbehaelter","tag-laborgeraet","tag-pc","tag-pmma","tag-pmp","tag-pp","tag-scheidetrichter","tag-sedimentiergefaess","tag-tpx","tag-zubehoer"],"yoast_head":"<!-- This site is optimized with the Yoast SEO plugin v23.1 - https:\/\/yoast.com\/wordpress\/plugins\/seo\/ -->\n<title>Die Historie von Becherglas &amp; Erlenmeyerkolben \u00bb RCT Magazin<\/title>\n<meta name=\"description\" content=\"Wissenswertes zu Becherglas, Erlenmeyerkolben &amp; anderen Laborbeh\u00e4ltern! \u2705 Geschichte &amp; Namensgeber \u2705 Die wichtigsten Bechergl\u00e4ser f\u00fcrs Labor\" \/>\n<meta name=\"robots\" content=\"index, follow, max-snippet:-1, max-image-preview:large, max-video-preview:-1\" \/>\n<link rel=\"canonical\" href=\"https:\/\/www.rct-online.de\/magazin\/becherglas-und-erlenmeyerkolben\/\" \/>\n<meta property=\"og:locale\" content=\"de_DE\" \/>\n<meta property=\"og:type\" content=\"article\" \/>\n<meta property=\"og:title\" content=\"Die Historie von Becherglas &amp; Erlenmeyerkolben \u00bb RCT Magazin\" \/>\n<meta property=\"og:description\" content=\"Wissenswertes zu Becherglas, Erlenmeyerkolben &amp; anderen Laborbeh\u00e4ltern! \u2705 Geschichte &amp; Namensgeber \u2705 Die wichtigsten Bechergl\u00e4ser f\u00fcrs Labor\" \/>\n<meta property=\"og:url\" content=\"https:\/\/www.rct-online.de\/magazin\/becherglas-und-erlenmeyerkolben\/\" \/>\n<meta property=\"og:site_name\" content=\"Reichelt Chemietechnik Magazin\" \/>\n<meta property=\"article:published_time\" content=\"2021-09-24T12:33:30+00:00\" \/>\n<meta property=\"article:modified_time\" content=\"2024-07-24T13:08:19+00:00\" \/>\n<meta property=\"og:image\" content=\"https:\/\/www.rct-online.de\/magazin\/wp-content\/uploads\/2021\/10\/Becherglas-und-Erlenmeyerkolben.jpg\" \/>\n\t<meta property=\"og:image:width\" content=\"800\" \/>\n\t<meta property=\"og:image:height\" content=\"534\" \/>\n\t<meta property=\"og:image:type\" content=\"image\/jpeg\" \/>\n<meta name=\"author\" content=\"Dr. Karl-Heinz Heise\" \/>\n<meta name=\"twitter:card\" content=\"summary_large_image\" \/>\n<meta name=\"twitter:label1\" content=\"Verfasst von\" \/>\n\t<meta name=\"twitter:data1\" content=\"Dr. Karl-Heinz Heise\" \/>\n\t<meta name=\"twitter:label2\" content=\"Gesch\u00e4tzte Lesezeit\" \/>\n\t<meta name=\"twitter:data2\" content=\"10\u00a0Minuten\" \/>\n<script type=\"application\/ld+json\" class=\"yoast-schema-graph\">{\"@context\":\"https:\/\/schema.org\",\"@graph\":[{\"@type\":\"WebPage\",\"@id\":\"https:\/\/www.rct-online.de\/magazin\/becherglas-und-erlenmeyerkolben\/\",\"url\":\"https:\/\/www.rct-online.de\/magazin\/becherglas-und-erlenmeyerkolben\/\",\"name\":\"Die Historie von Becherglas & Erlenmeyerkolben \u00bb RCT Magazin\",\"isPartOf\":{\"@id\":\"https:\/\/www.rct-online.de\/magazin\/#website\"},\"primaryImageOfPage\":{\"@id\":\"https:\/\/www.rct-online.de\/magazin\/becherglas-und-erlenmeyerkolben\/#primaryimage\"},\"image\":{\"@id\":\"https:\/\/www.rct-online.de\/magazin\/becherglas-und-erlenmeyerkolben\/#primaryimage\"},\"thumbnailUrl\":\"https:\/\/www.rct-online.de\/magazin\/wp-content\/uploads\/2021\/10\/Becherglas-und-Erlenmeyerkolben.jpg\",\"datePublished\":\"2021-09-24T12:33:30+00:00\",\"dateModified\":\"2024-07-24T13:08:19+00:00\",\"author\":{\"@id\":\"https:\/\/www.rct-online.de\/magazin\/#\/schema\/person\/de5369aedc25d1f064871d823629e056\"},\"description\":\"Wissenswertes zu Becherglas, Erlenmeyerkolben & anderen Laborbeh\u00e4ltern! \u2705 Geschichte & Namensgeber \u2705 Die wichtigsten Bechergl\u00e4ser f\u00fcrs Labor\",\"breadcrumb\":{\"@id\":\"https:\/\/www.rct-online.de\/magazin\/becherglas-und-erlenmeyerkolben\/#breadcrumb\"},\"inLanguage\":\"de\",\"potentialAction\":[{\"@type\":\"ReadAction\",\"target\":[\"https:\/\/www.rct-online.de\/magazin\/becherglas-und-erlenmeyerkolben\/\"]}]},{\"@type\":\"ImageObject\",\"inLanguage\":\"de\",\"@id\":\"https:\/\/www.rct-online.de\/magazin\/becherglas-und-erlenmeyerkolben\/#primaryimage\",\"url\":\"https:\/\/www.rct-online.de\/magazin\/wp-content\/uploads\/2021\/10\/Becherglas-und-Erlenmeyerkolben.jpg\",\"contentUrl\":\"https:\/\/www.rct-online.de\/magazin\/wp-content\/uploads\/2021\/10\/Becherglas-und-Erlenmeyerkolben.jpg\",\"width\":800,\"height\":534},{\"@type\":\"BreadcrumbList\",\"@id\":\"https:\/\/www.rct-online.de\/magazin\/becherglas-und-erlenmeyerkolben\/#breadcrumb\",\"itemListElement\":[{\"@type\":\"ListItem\",\"position\":1,\"name\":\"Startseite\",\"item\":\"https:\/\/www.rct-online.de\/magazin\/\"},{\"@type\":\"ListItem\",\"position\":2,\"name\":\"Becherglas und Erlenmeyerkolben \u2013 ihre Geschichte und Namensgeber\"}]},{\"@type\":\"WebSite\",\"@id\":\"https:\/\/www.rct-online.de\/magazin\/#website\",\"url\":\"https:\/\/www.rct-online.de\/magazin\/\",\"name\":\"Reichelt Chemietechnik Magazin\",\"description\":\"\",\"potentialAction\":[{\"@type\":\"SearchAction\",\"target\":{\"@type\":\"EntryPoint\",\"urlTemplate\":\"https:\/\/www.rct-online.de\/magazin\/?s={search_term_string}\"},\"query-input\":\"required name=search_term_string\"}],\"inLanguage\":\"de\"},{\"@type\":\"Person\",\"@id\":\"https:\/\/www.rct-online.de\/magazin\/#\/schema\/person\/de5369aedc25d1f064871d823629e056\",\"name\":\"Dr. Karl-Heinz Heise\",\"image\":{\"@type\":\"ImageObject\",\"inLanguage\":\"de\",\"@id\":\"https:\/\/www.rct-online.de\/magazin\/#\/schema\/person\/image\/\",\"url\":\"https:\/\/www.rct-online.de\/magazin\/wp-content\/uploads\/2024\/07\/KH_Heise.jpg\",\"contentUrl\":\"https:\/\/www.rct-online.de\/magazin\/wp-content\/uploads\/2024\/07\/KH_Heise.jpg\",\"caption\":\"Dr. Karl-Heinz Heise\"},\"description\":\"Dr. Karl-Heinz Heise studierte an der Martin-Luther Universit\u00e4t Halle-Wittenberg Chemie und der vormaligen Technischen Hochschule Dresden Radiochemie und Chemische Kerntechnik. Danach war er bis zur politischen Wende 1989 als wissenschaftlicher Mitarbeiter am Zentralinstitut f\u00fcr Kernforschung Rossendorf (ZfK) der Akademie der Wissenschaften in verschiedenen Bereichen der Isotopenproduktion und Markierungschemie t\u00e4tig. 1990 wurde er im neu gegr\u00fcndeten Leibnitz-Forschungszentrum Dresden - Rossendorf, dem heutigen Helmholtz-Zentrum, mit der Leitung der Abteilung f\u00fcr Organische Tracerchemie des Instituts f\u00fcr Radiochemie betraut, die sich mit umweltchemischen Prozessen in den Hinterlassenschaften des Uranbergbaus der DDR befasste. Dr. Heise ist begeisterter Hobby-Numismatiker und besch\u00e4ftigt sich dabei vornehmlich mit der h\u00f6fischen Medaillenkunst des 19. Jahrhunderts in Sachsen.\",\"url\":\"https:\/\/www.rct-online.de\/magazin\/author\/k-heise\/\"}]}<\/script>\n<!-- \/ Yoast SEO plugin. -->","yoast_head_json":{"title":"Die Historie von Becherglas & Erlenmeyerkolben \u00bb RCT Magazin","description":"Wissenswertes zu Becherglas, Erlenmeyerkolben & anderen Laborbeh\u00e4ltern! \u2705 Geschichte & Namensgeber \u2705 Die wichtigsten Bechergl\u00e4ser f\u00fcrs Labor","robots":{"index":"index","follow":"follow","max-snippet":"max-snippet:-1","max-image-preview":"max-image-preview:large","max-video-preview":"max-video-preview:-1"},"canonical":"https:\/\/www.rct-online.de\/magazin\/becherglas-und-erlenmeyerkolben\/","og_locale":"de_DE","og_type":"article","og_title":"Die Historie von Becherglas & Erlenmeyerkolben \u00bb RCT Magazin","og_description":"Wissenswertes zu Becherglas, Erlenmeyerkolben & anderen Laborbeh\u00e4ltern! \u2705 Geschichte & Namensgeber \u2705 Die wichtigsten Bechergl\u00e4ser f\u00fcrs Labor","og_url":"https:\/\/www.rct-online.de\/magazin\/becherglas-und-erlenmeyerkolben\/","og_site_name":"Reichelt Chemietechnik Magazin","article_published_time":"2021-09-24T12:33:30+00:00","article_modified_time":"2024-07-24T13:08:19+00:00","og_image":[{"width":800,"height":534,"url":"https:\/\/www.rct-online.de\/magazin\/wp-content\/uploads\/2021\/10\/Becherglas-und-Erlenmeyerkolben.jpg","type":"image\/jpeg"}],"author":"Dr. Karl-Heinz Heise","twitter_card":"summary_large_image","twitter_misc":{"Verfasst von":"Dr. Karl-Heinz Heise","Gesch\u00e4tzte Lesezeit":"10\u00a0Minuten"},"schema":{"@context":"https:\/\/schema.org","@graph":[{"@type":"WebPage","@id":"https:\/\/www.rct-online.de\/magazin\/becherglas-und-erlenmeyerkolben\/","url":"https:\/\/www.rct-online.de\/magazin\/becherglas-und-erlenmeyerkolben\/","name":"Die Historie von Becherglas & Erlenmeyerkolben \u00bb RCT Magazin","isPartOf":{"@id":"https:\/\/www.rct-online.de\/magazin\/#website"},"primaryImageOfPage":{"@id":"https:\/\/www.rct-online.de\/magazin\/becherglas-und-erlenmeyerkolben\/#primaryimage"},"image":{"@id":"https:\/\/www.rct-online.de\/magazin\/becherglas-und-erlenmeyerkolben\/#primaryimage"},"thumbnailUrl":"https:\/\/www.rct-online.de\/magazin\/wp-content\/uploads\/2021\/10\/Becherglas-und-Erlenmeyerkolben.jpg","datePublished":"2021-09-24T12:33:30+00:00","dateModified":"2024-07-24T13:08:19+00:00","author":{"@id":"https:\/\/www.rct-online.de\/magazin\/#\/schema\/person\/de5369aedc25d1f064871d823629e056"},"description":"Wissenswertes zu Becherglas, Erlenmeyerkolben & anderen Laborbeh\u00e4ltern! \u2705 Geschichte & Namensgeber \u2705 Die wichtigsten Bechergl\u00e4ser f\u00fcrs Labor","breadcrumb":{"@id":"https:\/\/www.rct-online.de\/magazin\/becherglas-und-erlenmeyerkolben\/#breadcrumb"},"inLanguage":"de","potentialAction":[{"@type":"ReadAction","target":["https:\/\/www.rct-online.de\/magazin\/becherglas-und-erlenmeyerkolben\/"]}]},{"@type":"ImageObject","inLanguage":"de","@id":"https:\/\/www.rct-online.de\/magazin\/becherglas-und-erlenmeyerkolben\/#primaryimage","url":"https:\/\/www.rct-online.de\/magazin\/wp-content\/uploads\/2021\/10\/Becherglas-und-Erlenmeyerkolben.jpg","contentUrl":"https:\/\/www.rct-online.de\/magazin\/wp-content\/uploads\/2021\/10\/Becherglas-und-Erlenmeyerkolben.jpg","width":800,"height":534},{"@type":"BreadcrumbList","@id":"https:\/\/www.rct-online.de\/magazin\/becherglas-und-erlenmeyerkolben\/#breadcrumb","itemListElement":[{"@type":"ListItem","position":1,"name":"Startseite","item":"https:\/\/www.rct-online.de\/magazin\/"},{"@type":"ListItem","position":2,"name":"Becherglas und Erlenmeyerkolben \u2013 ihre Geschichte und Namensgeber"}]},{"@type":"WebSite","@id":"https:\/\/www.rct-online.de\/magazin\/#website","url":"https:\/\/www.rct-online.de\/magazin\/","name":"Reichelt Chemietechnik Magazin","description":"","potentialAction":[{"@type":"SearchAction","target":{"@type":"EntryPoint","urlTemplate":"https:\/\/www.rct-online.de\/magazin\/?s={search_term_string}"},"query-input":"required name=search_term_string"}],"inLanguage":"de"},{"@type":"Person","@id":"https:\/\/www.rct-online.de\/magazin\/#\/schema\/person\/de5369aedc25d1f064871d823629e056","name":"Dr. Karl-Heinz Heise","image":{"@type":"ImageObject","inLanguage":"de","@id":"https:\/\/www.rct-online.de\/magazin\/#\/schema\/person\/image\/","url":"https:\/\/www.rct-online.de\/magazin\/wp-content\/uploads\/2024\/07\/KH_Heise.jpg","contentUrl":"https:\/\/www.rct-online.de\/magazin\/wp-content\/uploads\/2024\/07\/KH_Heise.jpg","caption":"Dr. Karl-Heinz Heise"},"description":"Dr. Karl-Heinz Heise studierte an der Martin-Luther Universit\u00e4t Halle-Wittenberg Chemie und der vormaligen Technischen Hochschule Dresden Radiochemie und Chemische Kerntechnik. Danach war er bis zur politischen Wende 1989 als wissenschaftlicher Mitarbeiter am Zentralinstitut f\u00fcr Kernforschung Rossendorf (ZfK) der Akademie der Wissenschaften in verschiedenen Bereichen der Isotopenproduktion und Markierungschemie t\u00e4tig. 1990 wurde er im neu gegr\u00fcndeten Leibnitz-Forschungszentrum Dresden - Rossendorf, dem heutigen Helmholtz-Zentrum, mit der Leitung der Abteilung f\u00fcr Organische Tracerchemie des Instituts f\u00fcr Radiochemie betraut, die sich mit umweltchemischen Prozessen in den Hinterlassenschaften des Uranbergbaus der DDR befasste. Dr. Heise ist begeisterter Hobby-Numismatiker und besch\u00e4ftigt sich dabei vornehmlich mit der h\u00f6fischen Medaillenkunst des 19. Jahrhunderts in Sachsen.","url":"https:\/\/www.rct-online.de\/magazin\/author\/k-heise\/"}]}},"_links":{"self":[{"href":"https:\/\/www.rct-online.de\/magazin\/wp-json\/wp\/v2\/posts\/7247"}],"collection":[{"href":"https:\/\/www.rct-online.de\/magazin\/wp-json\/wp\/v2\/posts"}],"about":[{"href":"https:\/\/www.rct-online.de\/magazin\/wp-json\/wp\/v2\/types\/post"}],"author":[{"embeddable":true,"href":"https:\/\/www.rct-online.de\/magazin\/wp-json\/wp\/v2\/users\/7"}],"replies":[{"embeddable":true,"href":"https:\/\/www.rct-online.de\/magazin\/wp-json\/wp\/v2\/comments?post=7247"}],"version-history":[{"count":40,"href":"https:\/\/www.rct-online.de\/magazin\/wp-json\/wp\/v2\/posts\/7247\/revisions"}],"predecessor-version":[{"id":8945,"href":"https:\/\/www.rct-online.de\/magazin\/wp-json\/wp\/v2\/posts\/7247\/revisions\/8945"}],"wp:featuredmedia":[{"embeddable":true,"href":"https:\/\/www.rct-online.de\/magazin\/wp-json\/wp\/v2\/media\/7254"}],"wp:attachment":[{"href":"https:\/\/www.rct-online.de\/magazin\/wp-json\/wp\/v2\/media?parent=7247"}],"wp:term":[{"taxonomy":"category","embeddable":true,"href":"https:\/\/www.rct-online.de\/magazin\/wp-json\/wp\/v2\/categories?post=7247"},{"taxonomy":"post_tag","embeddable":true,"href":"https:\/\/www.rct-online.de\/magazin\/wp-json\/wp\/v2\/tags?post=7247"}],"curies":[{"name":"wp","href":"https:\/\/api.w.org\/{rel}","templated":true}]}}