{"id":5913,"date":"2020-12-22T12:00:23","date_gmt":"2020-12-22T11:00:23","guid":{"rendered":"https:\/\/www.rct-online.de\/magazin\/?p=5913"},"modified":"2025-11-21T09:23:13","modified_gmt":"2025-11-21T08:23:13","slug":"diamant-und-graphit","status":"publish","type":"post","link":"https:\/\/www.rct-online.de\/magazin\/diamant-und-graphit\/","title":{"rendered":"Diamant\u00a0und Graphit"},"content":{"rendered":"<div id=\"ez-toc-container\" class=\"ez-toc-v2_0_73 ez-toc-wrap-center counter-hierarchy ez-toc-counter ez-toc-white ez-toc-container-direction\">\n<div class=\"ez-toc-title-container\">\n<p class=\"ez-toc-title\" style=\"cursor:inherit\">Inhaltsverzeichnis<\/p>\n<span class=\"ez-toc-title-toggle\"><a href=\"#\" class=\"ez-toc-pull-right ez-toc-btn ez-toc-btn-xs ez-toc-btn-default ez-toc-toggle\" aria-label=\"Toggle Table of Content\"><span class=\"ez-toc-js-icon-con\"><span class=\"\"><span class=\"eztoc-hide\" style=\"display:none;\">Toggle<\/span><span class=\"ez-toc-icon-toggle-span\"><svg style=\"fill: #999;color:#999\" xmlns=\"http:\/\/www.w3.org\/2000\/svg\" class=\"list-377408\" width=\"20px\" height=\"20px\" viewBox=\"0 0 24 24\" fill=\"none\"><path d=\"M6 6H4v2h2V6zm14 0H8v2h12V6zM4 11h2v2H4v-2zm16 0H8v2h12v-2zM4 16h2v2H4v-2zm16 0H8v2h12v-2z\" fill=\"currentColor\"><\/path><\/svg><svg style=\"fill: #999;color:#999\" class=\"arrow-unsorted-368013\" xmlns=\"http:\/\/www.w3.org\/2000\/svg\" width=\"10px\" height=\"10px\" viewBox=\"0 0 24 24\" version=\"1.2\" baseProfile=\"tiny\"><path d=\"M18.2 9.3l-6.2-6.3-6.2 6.3c-.2.2-.3.4-.3.7s.1.5.3.7c.2.2.4.3.7.3h11c.3 0 .5-.1.7-.3.2-.2.3-.5.3-.7s-.1-.5-.3-.7zM5.8 14.7l6.2 6.3 6.2-6.3c.2-.2.3-.5.3-.7s-.1-.5-.3-.7c-.2-.2-.4-.3-.7-.3h-11c-.3 0-.5.1-.7.3-.2.2-.3.5-.3.7s.1.5.3.7z\"\/><\/svg><\/span><\/span><\/span><\/a><\/span><\/div>\n<nav><ul class='ez-toc-list ez-toc-list-level-1 ' ><li class='ez-toc-page-1 ez-toc-heading-level-2'><a class=\"ez-toc-link ez-toc-heading-1\" href=\"https:\/\/www.rct-online.de\/magazin\/diamant-und-graphit\/#Minerale_der_besonderen_Art\" title=\"Minerale der besonderen Art\">Minerale der besonderen Art<\/a><\/li><li class='ez-toc-page-1 ez-toc-heading-level-2'><a class=\"ez-toc-link ez-toc-heading-2\" href=\"https:\/\/www.rct-online.de\/magazin\/diamant-und-graphit\/#Diamant_%E2%80%93_der_unvergaengliche_Kohlenstoff\" title=\"Diamant \u2013 der unverg\u00e4ngliche Kohlenstoff?\">Diamant \u2013 der unverg\u00e4ngliche Kohlenstoff?<\/a><\/li><li class='ez-toc-page-1 ez-toc-heading-level-2'><a class=\"ez-toc-link ez-toc-heading-3\" href=\"https:\/\/www.rct-online.de\/magazin\/diamant-und-graphit\/#Die_Struktur_der_Diamanten\" title=\"Die Struktur der Diamanten\">Die Struktur der Diamanten<\/a><\/li><li class='ez-toc-page-1 ez-toc-heading-level-2'><a class=\"ez-toc-link ez-toc-heading-4\" href=\"https:\/\/www.rct-online.de\/magazin\/diamant-und-graphit\/#Graphit_%E2%80%93_die_haeufigste_Form_des_Kohlenstoffs\" title=\"Graphit \u2013 die h\u00e4ufigste Form des Kohlenstoffs\">Graphit \u2013 die h\u00e4ufigste Form des Kohlenstoffs<\/a><\/li><li class='ez-toc-page-1 ez-toc-heading-level-2'><a class=\"ez-toc-link ez-toc-heading-5\" href=\"https:\/\/www.rct-online.de\/magazin\/diamant-und-graphit\/#Die_Struktur_des_Graphits\" title=\"Die Struktur des Graphits\">Die Struktur des Graphits<\/a><\/li><li class='ez-toc-page-1 ez-toc-heading-level-2'><a class=\"ez-toc-link ez-toc-heading-6\" href=\"https:\/\/www.rct-online.de\/magazin\/diamant-und-graphit\/#Carbon_und_andere_Werkstoffe_aus_Kohlenstoff\" title=\"Carbon\u00a0und andere Werkstoffe aus Kohlenstoff\">Carbon\u00a0und andere Werkstoffe aus Kohlenstoff<\/a><\/li><\/ul><\/nav><\/div>\n<p style=\"text-align: justify;\"><strong>Kohlenstoff steht in der zweiten Periode und vierten Hauptgruppe des Periodensystems der Elemente. Mit dieser Position hat es gewisserma\u00dfen eine Sonderstellung, denn es kann vier Atombindungen eingehen. Dies erm\u00f6glicht eine gro\u00dfe Vielzahl an unterschiedlichen Verbindungsm\u00f6glichkeiten. Dazu kommt, dass Kohlenstoffatome untereinander Bindungen eingehen k\u00f6nnen, wodurch die Anzahl der Verkn\u00fcpfungsm\u00f6glichkeiten immens zunimmt. Zwei dieser M\u00f6glichkeiten, auch Modifikationen genannt, soll der folgende Artikel n\u00e4her beleuchten: Die Kohlenstoff-Modifikationen Diamant und Graphit.<\/strong><\/p>\n<h2><span class=\"ez-toc-section\" id=\"Minerale_der_besonderen_Art\"><\/span>Minerale der besonderen Art<span class=\"ez-toc-section-end\"><\/span><\/h2>\n<p style=\"text-align: justify;\">Diamant und Graphit sind Modifikationen des Elementes <a href=\"https:\/\/www.rct-online.de\/de\/filtration\/granulate-und-sorbentien\/aktivkohle-granulat-sorbens-auf-kokosnuss-basis\">Kohlenstoff<\/a>, also elementare Stoffe, die nur aus Kohlenstoffatomen bestehen. Nur die Anordnung der Atome in den beiden Modifikationen ist unterschiedlich. Graphit ist ein Mineral, das auf der Erde vergleichsweise h\u00e4ufig vorkommt. Ein St\u00fcck Graphit besteht nur aus Kohlenstoffatomen, die \u00fcber kovalente Bindungen miteinander verkn\u00fcpft sind. In einer solchen Verbindung, der st\u00e4rksten aller Bindungsarten, teilen sich die beiden verbundenen Atome die Valenz- oder auch Au\u00dfenelektronen. Auch der Diamant ist ein Mineral, jedoch weitaus seltener. Genau wie Graphit sind auch im Diamanten die ausschlie\u00dflich vorkommenden Kohlenstoffatome kovalent untereinander gebunden.<\/p>\n<figure id=\"attachment_5920\" aria-describedby=\"caption-attachment-5920\" style=\"width: 435px\" class=\"wp-caption aligncenter\"><img loading=\"lazy\" decoding=\"async\" class=\"wp-image-5920\" title=\"Reiner Graphit aus dem ehemaligen Ceylon, heute Sri Lanka\" src=\"https:\/\/www.rct-online.de\/magazin\/wp-content\/uploads\/2021\/12\/Reiner-Graphit-aus-dem-ehemaligen-Ceylon.jpg\" alt=\"Reiner Graphit aus dem ehemaligen Ceylon diamant-und-graphit\" width=\"435\" height=\"375\" srcset=\"https:\/\/www.rct-online.de\/magazin\/wp-content\/uploads\/2021\/12\/Reiner-Graphit-aus-dem-ehemaligen-Ceylon.jpg 600w, https:\/\/www.rct-online.de\/magazin\/wp-content\/uploads\/2021\/12\/Reiner-Graphit-aus-dem-ehemaligen-Ceylon-300x259.jpg 300w\" sizes=\"(max-width: 435px) 100vw, 435px\" \/><figcaption id=\"caption-attachment-5920\" class=\"wp-caption-text\">Reiner Graphit aus dem ehemaligen Ceylon, heute Sri Lanka<\/figcaption><\/figure>\n<h2><span class=\"ez-toc-section\" id=\"Diamant_%E2%80%93_der_unvergaengliche_Kohlenstoff\"><\/span>Diamant \u2013 der unverg\u00e4ngliche Kohlenstoff?<span class=\"ez-toc-section-end\"><\/span><\/h2>\n<p style=\"text-align: justify;\"><span data-contrast=\"auto\">Im James-Bond-Klassiker \u201e<\/span><span data-contrast=\"auto\">Diamantenfieber<\/span><span data-contrast=\"auto\">\u201c\u00a0<\/span><span data-contrast=\"auto\">(1971)\u00a0<\/span><span data-contrast=\"auto\">\u00fcberstehen diamantene Schmuckst\u00fccke, die von Menschen verschluckt wurden, die Hitze eines Krematoriums. Aber: Schon der ber\u00fchmte franz\u00f6sische Gele<\/span><span data-contrast=\"auto\">hrte Antoine L. Lavoisier (1743 \u2013\u00a0<\/span><span data-contrast=\"auto\">1794) verbrannte vor den staunenden Augen der Pariser Zuschauer auf offener Stra\u00dfe einen Diamanten. Er fokussierte mit zwei gro\u00dfen Brenngl\u00e4sern wie mit einer Lupe die Sonnenstrahlen auf einen in einem Glaskolben befindlichen Diamanten \u2013 er verbrannte. Zus\u00e4tzlich gelang es\u00a0<\/span><span data-contrast=\"auto\">dem\u00a0<\/span><span data-contrast=\"auto\">Experimentalchemiker in der von ihm selbst gebauten Apparatur Kohlenstoffdioxid (CO<\/span><span data-contrast=\"auto\">2<\/span><span data-contrast=\"auto\">) als Verbrennungsprodukt nachzuweisen. Dies galt als Beweis daf\u00fcr, dass Diam<\/span><span data-contrast=\"auto\">a<\/span><span data-contrast=\"auto\">nten nur aus Kohlenstoff bestehen.<\/span><\/p>\n<p style=\"text-align: justify;\"><span data-contrast=\"auto\">Der Diamant ist der h\u00e4rteste aller nat\u00fcrlich vorkommenden Stoffe. Diamanten sind farblos und leiten den Strom nicht. Gefunden werden sie unteranderem an teils gef\u00e4hrlichen Orten wie Vulkanschloten \u2013\u00a0<\/span><span data-contrast=\"auto\">aber\u00a0<\/span><span data-contrast=\"auto\">warum?<\/span><\/p>\n<figure id=\"attachment_5923\" aria-describedby=\"caption-attachment-5923\" style=\"width: 275px\" class=\"wp-caption aligncenter\"><img loading=\"lazy\" decoding=\"async\" class=\"wp-image-5923\" title=\"Nat\u00fcrliche Diamanten im Brillantschliff\" src=\"https:\/\/www.rct-online.de\/magazin\/wp-content\/uploads\/2021\/12\/Natuerliche-Diamanten-im-Brillantschliff.jpg\" alt=\"Natuerliche Diamanten im Brillantschliff diamant-und-graphit\" width=\"275\" height=\"231\" srcset=\"https:\/\/www.rct-online.de\/magazin\/wp-content\/uploads\/2021\/12\/Natuerliche-Diamanten-im-Brillantschliff.jpg 476w, https:\/\/www.rct-online.de\/magazin\/wp-content\/uploads\/2021\/12\/Natuerliche-Diamanten-im-Brillantschliff-300x251.jpg 300w\" sizes=\"(max-width: 275px) 100vw, 275px\" \/><figcaption id=\"caption-attachment-5923\" class=\"wp-caption-text\">Nat\u00fcrliche Diamanten im Brillantschliff<\/figcaption><\/figure>\n<p style=\"text-align: justify;\"><span data-contrast=\"auto\">Die dort vorherrschenden Bedingungen wie hohe Dr\u00fccke und Tempe<\/span><span data-contrast=\"auto\">raturen beg\u00fcnstigen die Bildung<\/span><span data-contrast=\"auto\">\u00a0dieser Modifikation des Kohlenstoffes. Nur ein kleiner Teil dieser Rohdiamanten ist zur Herstellung\u00a0<\/span><span data-contrast=\"auto\">von Schmuckst\u00fccken geeignet. Die meisten fi<\/span><span data-contrast=\"auto\">nden in Form von Bohrk\u00f6pfen und\u00a0<\/span><span data-contrast=\"auto\">Schneidwerkzeugen als Industriediamanten Verwendung. Da bei der Bearbeitung oft hohe Temperaturen auftreten<\/span><span data-contrast=\"auto\">,<\/span><span data-contrast=\"auto\">\u00a0ist eine Verarbeitung von beispielsweise Stahl mit Diamantwerkzeugen jedoch kaum m\u00f6glich. Die extremen Bedingungen sorgen f\u00fcr eine Umwandlung von der Modifikation Diamant in Graphit, was unter Umst\u00e4nden eine Diffusion der Kohlenstoffatome und damit\u00a0<\/span><span data-contrast=\"auto\">eine\u00a0<\/span><span data-contrast=\"auto\">Verunreinigung des Werkstoffs zur Folge haben kann.<\/span><\/p>\n<blockquote>\n<p style=\"text-align: justify;\"><span data-contrast=\"auto\">Diamanten lassen sich aber auch k\u00fcnstlich herstellen, indem bei hohem Druck und Temperatur Graphit zusammengepresst wird.<\/span><\/p>\n<\/blockquote>\n<h2><span class=\"ez-toc-section\" id=\"Die_Struktur_der_Diamanten\"><\/span>Die Struktur der Diamanten<span class=\"ez-toc-section-end\"><\/span><\/h2>\n<p style=\"text-align: justify;\"><span data-contrast=\"auto\">Die Kohlenstoff-Atome im Diamanten bilden<\/span><span data-contrast=\"auto\">\u00a0ein dreidimensionales Gitter,\u00a0<\/span><span data-contrast=\"auto\">auch Diamantgitter genannt. Mit seinen vier Valenzelektronen, das sind Elektronen in der \u00e4u\u00dfersten H\u00fclle oder Schale eines Atoms, geht ein Kohlenstoff-Atom vier Elektronenpaarbindungen mit vier anderen<\/span><span data-contrast=\"auto\">\u00a0Kohlenstoff-Atomen ein. Die so entstehende,\u00a0<\/span><span data-contrast=\"auto\">tetraedrische<\/span><span data-contrast=\"auto\">\u00a0Struktur bedingt das Vorkommen gewellter Sechsringe. Vier dieser in diesem Sechsring befindlichen Atome bilden ein ebenes Rechteck, eines der beiden \u00fcbrig gebliebenen Kohlenstoff-Atome liegt \u00fcber, das andere unter dieser Ebene. Diese Elektronenpaarbindungen, auch kovalente Bindungen, sind sehr stark, weshalb eine gro\u00dfe Energie zur Spaltung aufgebracht werden muss. Dadurch wird unteranderem die besondere H\u00e4rte des Minerals Diamant erkl\u00e4rt.<\/span><\/p>\n<figure id=\"attachment_5931\" aria-describedby=\"caption-attachment-5931\" style=\"width: 600px\" class=\"wp-caption aligncenter\"><img loading=\"lazy\" decoding=\"async\" class=\"wp-image-5931 size-full\" title=\"Strukturvergleich verschiedener Kohlenstoff-Modifikationen: Diamant, Graphit (bestehend aus gestapelten Graphen-Schichten) und das C60-Fulleren\" src=\"https:\/\/www.rct-online.de\/magazin\/wp-content\/uploads\/2021\/12\/Strukturvergleich-verschiedener-Kohlenstoff-Modifikationen.jpg\" alt=\"Strukturvergleich verschiedener Kohlenstoff-Modifikationen diamant-und-graphit\" width=\"600\" height=\"368\" srcset=\"https:\/\/www.rct-online.de\/magazin\/wp-content\/uploads\/2021\/12\/Strukturvergleich-verschiedener-Kohlenstoff-Modifikationen.jpg 600w, https:\/\/www.rct-online.de\/magazin\/wp-content\/uploads\/2021\/12\/Strukturvergleich-verschiedener-Kohlenstoff-Modifikationen-300x184.jpg 300w\" sizes=\"(max-width: 600px) 100vw, 600px\" \/><figcaption id=\"caption-attachment-5931\" class=\"wp-caption-text\">Strukturvergleich verschiedener Kohlenstoff-Modifikationen: Diamant, Graphit (bestehend aus gestapelten Graphen-Schichten) und das C<sub>60<\/sub>-Fulleren<\/figcaption><\/figure>\n<h2><span class=\"ez-toc-section\" id=\"Graphit_%E2%80%93_die_haeufigste_Form_des_Kohlenstoffs\"><\/span>Graphit \u2013 die h\u00e4ufigste Form des Kohlenstoffs<span class=\"ez-toc-section-end\"><\/span><\/h2>\n<p style=\"text-align: justify;\"><span data-contrast=\"auto\">Die Bleistiftspitze besteht, anders als es der Name vielleicht vermuten l\u00e4sst, nicht aus Blei, sondern aus Graphit. Graphit ist ein schwarzer, sehr weicher Stoff, der im kristallinen Zustand gl\u00e4nzt. Beim Gleiten \u00fcber Papier spalten sich kleine Pl\u00e4ttchen ab und hinterlassen dabei eine schwarze, leicht silbrig gl\u00e4nzende Spur. Eben wegen dieser Eigenschaft leitet sich die Verwendung des Graphits als Bleistiftmine sowie als Schmiermittel ab. Auch der Name des Graphits selbst, vom griechischen Wort \u201e<\/span><span data-contrast=\"auto\">graphein<\/span><span data-contrast=\"auto\">\u201c, was so<\/span><span data-contrast=\"auto\">\u00a0<\/span><span data-contrast=\"auto\">viel wie schreiben bedeutet, leitet sich daher ab. Weitere Verwendung findet Graphit zur Herstellung von Elektroden und als Schleifkontakt in Form von Kohleb\u00fcrsten in Elektromotoren. Denn anders als die Modifikation Diamant ist Graphit aufgrund seiner Struktur in der Lage Strom zu leiten.<\/span><\/p>\n<figure id=\"attachment_5934\" aria-describedby=\"caption-attachment-5934\" style=\"width: 200px\" class=\"wp-caption aligncenter\"><img loading=\"lazy\" decoding=\"async\" class=\"wp-image-5934\" title=\"Bleistiftspitze aus Graphit\" src=\"https:\/\/www.rct-online.de\/magazin\/wp-content\/uploads\/2021\/12\/Bleistiftspitze-aus-Graphit.jpg\" alt=\"Bleistiftspitze aus Graphit diamant-und-graphit\" width=\"200\" height=\"150\" srcset=\"https:\/\/www.rct-online.de\/magazin\/wp-content\/uploads\/2021\/12\/Bleistiftspitze-aus-Graphit.jpg 600w, https:\/\/www.rct-online.de\/magazin\/wp-content\/uploads\/2021\/12\/Bleistiftspitze-aus-Graphit-300x225.jpg 300w\" sizes=\"(max-width: 200px) 100vw, 200px\" \/><figcaption id=\"caption-attachment-5934\" class=\"wp-caption-text\">Bleistiftspitze aus Graphit<\/figcaption><\/figure>\n<h2><span class=\"ez-toc-section\" id=\"Die_Struktur_des_Graphits\"><\/span>Die Struktur des Graphits<span class=\"ez-toc-section-end\"><\/span><\/h2>\n<p style=\"text-align: justify;\"><span data-contrast=\"auto\">Die unterschiedliche Anordnung der Atome in den beiden Modifikationen des Kohlenstoffs sorg<\/span><span data-contrast=\"auto\">t<\/span><span data-contrast=\"auto\">\u00a0f\u00fcr die teils sehr unterschiedlichen Eigenschaften von Diamant und Graphit. Das Graphitgitter besteht aus \u00fcbereinander liegenden ebenen Schichten, die sich aus ebenen Sechsringen aus Kohlenstoffatomen zusammensetzen. Je drei Valenzelektronen eines Kohlenstoff-Atoms sind an den Bindungen zu drei weiteren Atomen beteiligt. Das vierte Elektron ist \u00e4hnlich dem elektronischen Aufbau von Metallen, in dem die Elektronen im fachsprachlich bezeichneten Elektronengas \u00fcber die gesamte Struktu<\/span><span data-contrast=\"auto\">r verteilt sind, \u00fcber die ganze<\/span><span data-contrast=\"auto\"> Schicht hinweg beweglich. <\/span><span data-contrast=\"auto\">Dieser besondere r\u00e4umliche Aufbau bedingt, dass Graphit parallel zu diesen Schichten den\u00a0<\/span><a href=\"https:\/\/www.rct-online.de\/de\/schlaeuche\/schlaeuche-nach-einsatzbereichen\/antistatikschlaeuche\"><span data-contrast=\"none\">Strom\u00a0<\/span><span data-contrast=\"none\">l<\/span><span data-contrast=\"none\">eiten<\/span><\/a><span data-contrast=\"auto\">, horizontal dazu aber als Isolator wirken kann.<\/span><\/p>\n<p><center><a href=\"https:\/\/www.rct-online.de\/de\/halbzeuge\/folien\/metallfolien\/graphitfolie-hochwaermeleitend\"><img loading=\"lazy\" decoding=\"async\" class=\"alignnone wp-image-5940 size-full\" title=\"Graphitfolie - hochw\u00e4rmeleitend\" src=\"https:\/\/www.rct-online.de\/magazin\/wp-content\/uploads\/2021\/12\/graphitfolie-hochwaermeleitend.jpg\" alt=\"graphitfolie-hochwaermeleitend\" width=\"300\" height=\"300\" srcset=\"https:\/\/www.rct-online.de\/magazin\/wp-content\/uploads\/2021\/12\/graphitfolie-hochwaermeleitend.jpg 300w, https:\/\/www.rct-online.de\/magazin\/wp-content\/uploads\/2021\/12\/graphitfolie-hochwaermeleitend-150x150.jpg 150w\" sizes=\"(max-width: 300px) 100vw, 300px\" \/><\/a> <a href=\"https:\/\/www.rct-online.de\/de\/halbzeuge\/folien\/metallfolien\/graphit-folie\"><img loading=\"lazy\" decoding=\"async\" class=\"alignnone wp-image-5941 size-full\" title=\"Graphit-Folie\" src=\"https:\/\/www.rct-online.de\/magazin\/wp-content\/uploads\/2021\/12\/graphit-folie.jpg\" alt=\"graphit-folie\" width=\"300\" height=\"300\" srcset=\"https:\/\/www.rct-online.de\/magazin\/wp-content\/uploads\/2021\/12\/graphit-folie.jpg 300w, https:\/\/www.rct-online.de\/magazin\/wp-content\/uploads\/2021\/12\/graphit-folie-150x150.jpg 150w\" sizes=\"(max-width: 300px) 100vw, 300px\" \/><\/a><\/center><\/p>\n<p style=\"text-align: justify;\"><span data-contrast=\"auto\">Der Abstand zwischen den verschiedenen Schichten ist mehr als doppelt so <\/span><span data-contrast=\"auto\">gro\u00df wie zwischen den Atomen in derselben Schicht. Die besondere Weichheit und die M\u00f6glichkeit des Einsatzes als Schreib- und Schmiermittel beruht auf der geringen Anziehungskraft zwischen den Schichten, die sehr viel schw\u00e4cher sind als im Vergleich zu den Kr\u00e4ften zwischen den Atomen innerhalb einer Schicht.<\/span><\/p>\n<h2><span class=\"ez-toc-section\" id=\"Carbon_und_andere_Werkstoffe_aus_Kohlenstoff\"><\/span>Carbon\u00a0und andere Werkstoffe aus Kohlenstoff<span class=\"ez-toc-section-end\"><\/span><\/h2>\n<p style=\"text-align: justify;\"><span data-contrast=\"auto\">Die Struktur des Graphits und die damit einhergehenden Eigenschaften dieser Modifikation des Kohlenstoffs \u00e4hneln sehr stark d<\/span><span data-contrast=\"auto\">en Eigenschaften des<\/span><span data-contrast=\"auto\">\u00a0im Volksmund bezeichnetet \u201e<\/span><span data-contrast=\"auto\">Carbons<\/span><span data-contrast=\"auto\">\u201c. Gemeint sind dabei aber oftmals\u00a0<\/span><span data-contrast=\"auto\">Carbonfasern<\/span><span data-contrast=\"auto\">, die durch kontrolliertes Verkohlen von Kunstfasern hergestellt werden und in denen Kohlenstoffatome in Mikrokristallen wie im Graphit angeordnet sind.<\/span><\/p>\n<p><center><a href=\"https:\/\/www.rct-online.de\/de\/filtration\/filtergehaeuse-filterkerzen-filterelemente-filtermodule\/adsorptionsfilter-mit-aktivkohlegranulat\"><img loading=\"lazy\" decoding=\"async\" class=\"alignnone wp-image-5944 size-full\" title=\"Adsorptionsfilter mit Aktivkohlegranulat\" src=\"https:\/\/www.rct-online.de\/magazin\/wp-content\/uploads\/2021\/12\/Adsorptionsfilter-mit-Aktivkohlegranulat.jpg\" alt=\"Adsorptionsfilter mit Aktivkohlegranulat\" width=\"300\" height=\"250\" \/><\/a> <a href=\"https:\/\/www.rct-online.de\/de\/filtration\/granulate-und-sorbentien\/aktivkohle-granulat-sorbens-auf-kokosnuss-basis\"><img loading=\"lazy\" decoding=\"async\" class=\"alignnone wp-image-5945 size-full\" title=\"Aktivkohle-Granulat-Sorbens auf Kokosnuss Basis\" src=\"https:\/\/www.rct-online.de\/magazin\/wp-content\/uploads\/2021\/12\/Aktivkohle-Granulat-Sorbens-auf-Kokosnuss-Basis.jpg\" alt=\"Aktivkohle-Granulat-Sorbens auf Kokosnuss Basis\" width=\"300\" height=\"200\" \/><\/a><\/center><\/p>\n<p style=\"text-align: justify;\"><span data-contrast=\"auto\">Carbonfasern<\/span><span data-contrast=\"auto\">\u00a0sind f\u00fcnfmal so zugfest wie Stahl und weitaus korrosionsbest\u00e4ndiger. Sie werden in vielen Bereichen verwendet, in denen die besonderen Eigenschaften\u00a0<\/span><span data-contrast=\"auto\">dieser<\/span><span data-contrast=\"auto\">\u00a0Struktur des Kohlenstoffs zum Tragen kommen. Oft werden sie in Kombination mit\u00a0<\/span><a href=\"https:\/\/www.rct-online.de\/de\/schlaeuche\/harte-kunststoffschlaeuche-kunststoffrohre\"><span data-contrast=\"none\">Kunst<\/span><span data-contrast=\"none\">s<\/span><span data-contrast=\"none\">t<\/span><span data-contrast=\"none\">o<\/span><span data-contrast=\"none\">f<\/span><span data-contrast=\"none\">f<\/span><span data-contrast=\"none\">e<\/span><span data-contrast=\"none\">n<\/span><\/a><span data-contrast=\"auto\">\u00a0verbaut, den\u00a0<\/span><span data-contrast=\"auto\">carbonfaserverst\u00e4rkten<\/span><span data-contrast=\"auto\">\u00a0Kunststoffen (CFK). Diese sind deutlich leichter als Aluminium und werden dort eingesetzt, wo es auf ein geringes Gewicht\u00a0<\/span><span data-contrast=\"auto\">ankommt,\u00a0<\/span><span data-contrast=\"auto\">wi<\/span><span data-contrast=\"auto\">e im Automobil- und Flugzeugbau<\/span><span data-contrast=\"auto\">. Auch im Hochleistungssport werden in Form von Tennisschl\u00e4gern, Sprungst\u00e4ben und Fahrradrahmen\u00a0<\/span><span data-contrast=\"auto\">carbonfaserverst\u00e4rkte<\/span><span data-contrast=\"auto\">\u00a0Kunststoffe eingesetzt.<\/span><\/p>\n<p><center><a href=\"https:\/\/www.rct-online.de\/de\/schlaeuche\/gummischlaeuche-elastomerschlaeuche\/silikon-schlaeuche\/silikon-antista-chemieschlauch-platinvernetzt\"><img loading=\"lazy\" decoding=\"async\" class=\"alignnone wp-image-5949 size-full\" title=\"Silikon-Antista-Chemieschlauch - platinvernetzt\" src=\"https:\/\/www.rct-online.de\/magazin\/wp-content\/uploads\/2021\/12\/silikon-antista-chemieschlauch-platinvernetzt.jpg\" alt=\"silikon-antista-chemieschlauch-platinvernetzt\" width=\"300\" height=\"300\" srcset=\"https:\/\/www.rct-online.de\/magazin\/wp-content\/uploads\/2021\/12\/silikon-antista-chemieschlauch-platinvernetzt.jpg 300w, https:\/\/www.rct-online.de\/magazin\/wp-content\/uploads\/2021\/12\/silikon-antista-chemieschlauch-platinvernetzt-150x150.jpg 150w\" sizes=\"(max-width: 300px) 100vw, 300px\" \/><\/a> <a href=\"https:\/\/www.rct-online.de\/de\/schlaeuche\/harte-kunststoffschlaeuche-kunststoffrohre\/pfa-schlaeuche\/pfa-antista-chemieschlauch\"><img loading=\"lazy\" decoding=\"async\" class=\"alignnone wp-image-5950 size-full\" title=\"PFA-Antista-Chemieschlauch\" src=\"https:\/\/www.rct-online.de\/magazin\/wp-content\/uploads\/2021\/12\/pfa-antista-chemieschlauch.jpg\" alt=\"pfa-antista-chemieschlauch\" width=\"300\" height=\"300\" srcset=\"https:\/\/www.rct-online.de\/magazin\/wp-content\/uploads\/2021\/12\/pfa-antista-chemieschlauch.jpg 300w, https:\/\/www.rct-online.de\/magazin\/wp-content\/uploads\/2021\/12\/pfa-antista-chemieschlauch-150x150.jpg 150w\" sizes=\"(max-width: 300px) 100vw, 300px\" \/><\/a><\/center><\/p>\n<p style=\"text-align: justify;\"><span data-contrast=\"auto\">Weitere M\u00f6glichkeiten des Einsatzes von Modifikationen des Kohlenstoffs bestehen in der Verarbeitung von diaman<\/span><span data-contrast=\"auto\">t<\/span><span data-contrast=\"auto\">artigem Kohlenstoff durch das Aufbringen einer sehr d\u00fcnnen Schicht mittels CVD (<\/span><i><span data-contrast=\"auto\">chemical<\/span><\/i><i><span data-contrast=\"auto\">\u00a0<\/span><\/i><i><span data-contrast=\"auto\">vapour<\/span><\/i><i><span data-contrast=\"auto\">\u00a0<\/span><\/i><i><span data-contrast=\"auto\">deposition<\/span><\/i><span data-contrast=\"auto\">, dt. chemische Gasphasenabschei<\/span><span data-contrast=\"auto\">dung) auf Bauteilen, um sie\u00a0<\/span><span data-contrast=\"auto\">vor Verschlei\u00df zu sch\u00fctzen. Das Einbringen von anderen Nicht- und Halbmetallen wie Stickstoff oder Bor in die Diaman<\/span><span data-contrast=\"auto\">tstruktur machen Diaman<\/span><span data-contrast=\"auto\">ten leitf\u00e4hig und erm\u00f6glichen so den Verbau in Halb- und Supraleitern. Die Kom<\/span><span data-contrast=\"auto\">b<\/span><span data-contrast=\"auto\">ination der erh\u00f6hten Temperaturbest\u00e4ndigkeit und verh\u00e4ltnism\u00e4\u00dfig freie Beweglichkeit der Elektronen in der Struktur wirken dabei beg\u00fcnstigend. Ein akustisch<\/span><span data-contrast=\"auto\">er und<\/span><span data-contrast=\"auto\">\u00a0weniger optischer Einsatz von Diam<\/span><span data-contrast=\"auto\">a<\/span><span data-contrast=\"auto\">nten erfolgt i<\/span><span data-contrast=\"auto\">m<\/span><span data-contrast=\"auto\">\u00a0Preissegment h\u00f6her anzusiedelnden Tonabnehmern von Langspielplatten (LP), wo sie f\u00fcr die \u00dcbertragung des Tons in die Lautsprecher sorgen.<\/span><\/p>\n<hr \/>\n<pre><strong>Bildquellen:<\/strong>\r\nBeitragsbild | \u00a9 Bj\u00f6rn Wylezich \u2013 stock.adobe.com\r\nReiner Graphit | \u00a9 Ra'ike \u2013 de.wikipedia.org\r\nNat\u00fcrliche Diamanten | \u00a9 Mario Sarto \u2013 de.wikipedia.org\r\nKohlenstoff-Modifikationen | \u00a9 natros \u2013 stock.adobe.com\r\nBleistiftspitze aus Graphit | \u00a9 Helfmann \u2013 de.wikipedia.org<\/pre>\n","protected":false},"excerpt":{"rendered":"<p>Kohlenstoff steht in der zweiten Periode und vierten Hauptgruppe des Periodensystems der Elemente. Mit dieser Position hat es gewisserma\u00dfen eine Sonderstellung, denn es kann vier Atombindungen eingehen. Dies erm\u00f6glicht eine gro\u00dfe Vielzahl an unterschiedlichen Verbindungsm\u00f6glichkeiten. Dazu kommt, dass Kohlenstoffatome untereinander Bindungen eingehen k\u00f6nnen, wodurch die Anzahl der Verkn\u00fcpfungsm\u00f6glichkeiten immens zunimmt. Zwei dieser M\u00f6glichkeiten, auch Modifikationen &hellip;<\/p>\n","protected":false},"author":15,"featured_media":5918,"comment_status":"closed","ping_status":"open","sticky":false,"template":"","format":"standard","meta":{"footnotes":""},"categories":[117,2747],"tags":[908,244,940,924,939,645,936,8,692,541,691,23,937,179,19,938,284],"class_list":["post-5913","post","type-post","status-publish","format-standard","has-post-thumbnail","","category-alle-beitraege","category-werkstoffe-in-der-chemie","tag-adsorptionsfilter","tag-aktivkohle","tag-aktivkohlegranulat","tag-antista","tag-carbon","tag-chemieschlauch","tag-diamant","tag-folie","tag-granulat","tag-graphit","tag-graphitfolie","tag-kohlenstoff","tag-minerale","tag-pfa","tag-silikon","tag-struktur","tag-werkstoffe"],"yoast_head":"<!-- This site is optimized with the Yoast SEO plugin v23.1 - https:\/\/yoast.com\/wordpress\/plugins\/seo\/ -->\n<title>Diamant und Graphit \u2013 RCT Magazin<\/title>\n<meta name=\"description\" content=\"Diamant und Graphit: Was zeichnet die\u00a0Kohlenstoff-Modifikationen aus? \u2192\u00a0\u2705\u00a0Nat\u00fcrliches Vorkommen\u00a0\u2705\u00a0Synthese\u00a0\u2705\u00a0Anwendungsgebiete\" \/>\n<meta name=\"robots\" content=\"index, follow, max-snippet:-1, max-image-preview:large, max-video-preview:-1\" \/>\n<link rel=\"canonical\" href=\"https:\/\/www.rct-online.de\/magazin\/diamant-und-graphit\/\" \/>\n<meta property=\"og:locale\" content=\"de_DE\" \/>\n<meta property=\"og:type\" content=\"article\" \/>\n<meta property=\"og:title\" content=\"Diamant und Graphit \u2013 RCT Magazin\" \/>\n<meta property=\"og:description\" content=\"Diamant und Graphit: Was zeichnet die\u00a0Kohlenstoff-Modifikationen aus? \u2192\u00a0\u2705\u00a0Nat\u00fcrliches Vorkommen\u00a0\u2705\u00a0Synthese\u00a0\u2705\u00a0Anwendungsgebiete\" \/>\n<meta property=\"og:url\" content=\"https:\/\/www.rct-online.de\/magazin\/diamant-und-graphit\/\" \/>\n<meta property=\"og:site_name\" content=\"Reichelt Chemietechnik Magazin\" \/>\n<meta property=\"article:published_time\" content=\"2020-12-22T11:00:23+00:00\" \/>\n<meta property=\"article:modified_time\" content=\"2025-11-21T08:23:13+00:00\" \/>\n<meta property=\"og:image\" content=\"https:\/\/www.rct-online.de\/magazin\/wp-content\/uploads\/2021\/12\/Diamant-und-Graphit.jpg\" \/>\n\t<meta property=\"og:image:width\" content=\"800\" \/>\n\t<meta property=\"og:image:height\" content=\"533\" \/>\n\t<meta property=\"og:image:type\" content=\"image\/jpeg\" \/>\n<meta name=\"author\" content=\"Sven Weber\" \/>\n<meta name=\"twitter:card\" content=\"summary_large_image\" \/>\n<meta name=\"twitter:label1\" content=\"Verfasst von\" \/>\n\t<meta name=\"twitter:data1\" content=\"Sven Weber\" \/>\n\t<meta name=\"twitter:label2\" content=\"Gesch\u00e4tzte Lesezeit\" \/>\n\t<meta name=\"twitter:data2\" content=\"9\u00a0Minuten\" \/>\n<script type=\"application\/ld+json\" class=\"yoast-schema-graph\">{\"@context\":\"https:\/\/schema.org\",\"@graph\":[{\"@type\":\"WebPage\",\"@id\":\"https:\/\/www.rct-online.de\/magazin\/diamant-und-graphit\/\",\"url\":\"https:\/\/www.rct-online.de\/magazin\/diamant-und-graphit\/\",\"name\":\"Diamant und Graphit \u2013 RCT Magazin\",\"isPartOf\":{\"@id\":\"https:\/\/www.rct-online.de\/magazin\/#website\"},\"primaryImageOfPage\":{\"@id\":\"https:\/\/www.rct-online.de\/magazin\/diamant-und-graphit\/#primaryimage\"},\"image\":{\"@id\":\"https:\/\/www.rct-online.de\/magazin\/diamant-und-graphit\/#primaryimage\"},\"thumbnailUrl\":\"https:\/\/www.rct-online.de\/magazin\/wp-content\/uploads\/2021\/12\/Diamant-und-Graphit.jpg\",\"datePublished\":\"2020-12-22T11:00:23+00:00\",\"dateModified\":\"2025-11-21T08:23:13+00:00\",\"author\":{\"@id\":\"https:\/\/www.rct-online.de\/magazin\/#\/schema\/person\/5436b1a88f13d88d14adce42e079dcd3\"},\"description\":\"Diamant und Graphit: Was zeichnet die\u00a0Kohlenstoff-Modifikationen aus? \u2192\u00a0\u2705\u00a0Nat\u00fcrliches Vorkommen\u00a0\u2705\u00a0Synthese\u00a0\u2705\u00a0Anwendungsgebiete\",\"breadcrumb\":{\"@id\":\"https:\/\/www.rct-online.de\/magazin\/diamant-und-graphit\/#breadcrumb\"},\"inLanguage\":\"de\",\"potentialAction\":[{\"@type\":\"ReadAction\",\"target\":[\"https:\/\/www.rct-online.de\/magazin\/diamant-und-graphit\/\"]}]},{\"@type\":\"ImageObject\",\"inLanguage\":\"de\",\"@id\":\"https:\/\/www.rct-online.de\/magazin\/diamant-und-graphit\/#primaryimage\",\"url\":\"https:\/\/www.rct-online.de\/magazin\/wp-content\/uploads\/2021\/12\/Diamant-und-Graphit.jpg\",\"contentUrl\":\"https:\/\/www.rct-online.de\/magazin\/wp-content\/uploads\/2021\/12\/Diamant-und-Graphit.jpg\",\"width\":800,\"height\":533},{\"@type\":\"BreadcrumbList\",\"@id\":\"https:\/\/www.rct-online.de\/magazin\/diamant-und-graphit\/#breadcrumb\",\"itemListElement\":[{\"@type\":\"ListItem\",\"position\":1,\"name\":\"Startseite\",\"item\":\"https:\/\/www.rct-online.de\/magazin\/\"},{\"@type\":\"ListItem\",\"position\":2,\"name\":\"Diamant\u00a0und Graphit\"}]},{\"@type\":\"WebSite\",\"@id\":\"https:\/\/www.rct-online.de\/magazin\/#website\",\"url\":\"https:\/\/www.rct-online.de\/magazin\/\",\"name\":\"Reichelt Chemietechnik Magazin\",\"description\":\"\",\"potentialAction\":[{\"@type\":\"SearchAction\",\"target\":{\"@type\":\"EntryPoint\",\"urlTemplate\":\"https:\/\/www.rct-online.de\/magazin\/?s={search_term_string}\"},\"query-input\":\"required name=search_term_string\"}],\"inLanguage\":\"de\"},{\"@type\":\"Person\",\"@id\":\"https:\/\/www.rct-online.de\/magazin\/#\/schema\/person\/5436b1a88f13d88d14adce42e079dcd3\",\"name\":\"Sven Weber\",\"image\":{\"@type\":\"ImageObject\",\"inLanguage\":\"de\",\"@id\":\"https:\/\/www.rct-online.de\/magazin\/#\/schema\/person\/image\/\",\"url\":\"https:\/\/www.rct-online.de\/magazin\/wp-content\/uploads\/2024\/07\/Sven_Weber.jpg\",\"contentUrl\":\"https:\/\/www.rct-online.de\/magazin\/wp-content\/uploads\/2024\/07\/Sven_Weber.jpg\",\"caption\":\"Sven Weber\"},\"description\":\"Durch und durch Naturwissenschaftler und Musiker: Schon in der Schule waren Sven Weber die naturwissenschaftlichen F\u00e4cher die liebsten, sodass ein Chemie-Studium die einzig logische Konsequenz war. Die Begeisterung f\u00fcr diesen Fachbereich f\u00fchrte letztlich zu einem 2. Staatsexamen als Gymnasiallehrer mit den F\u00e4chern Chemie und Mathematik. Als privater Ausgleich stand und steht die Musik: Das Spielen auf verschiedenen Instrumenten in diversen musikalischen Vereinigungen. Der Ton macht die Musik \u2013 ein f\u00fcr viele Lebensbereiche geltendes Credo! Dann stimmt auch die Chemie!\",\"url\":\"https:\/\/www.rct-online.de\/magazin\/author\/s-weber\/\"}]}<\/script>\n<!-- \/ Yoast SEO plugin. -->","yoast_head_json":{"title":"Diamant und Graphit \u2013 RCT Magazin","description":"Diamant und Graphit: Was zeichnet die\u00a0Kohlenstoff-Modifikationen aus? \u2192\u00a0\u2705\u00a0Nat\u00fcrliches Vorkommen\u00a0\u2705\u00a0Synthese\u00a0\u2705\u00a0Anwendungsgebiete","robots":{"index":"index","follow":"follow","max-snippet":"max-snippet:-1","max-image-preview":"max-image-preview:large","max-video-preview":"max-video-preview:-1"},"canonical":"https:\/\/www.rct-online.de\/magazin\/diamant-und-graphit\/","og_locale":"de_DE","og_type":"article","og_title":"Diamant und Graphit \u2013 RCT Magazin","og_description":"Diamant und Graphit: Was zeichnet die\u00a0Kohlenstoff-Modifikationen aus? \u2192\u00a0\u2705\u00a0Nat\u00fcrliches Vorkommen\u00a0\u2705\u00a0Synthese\u00a0\u2705\u00a0Anwendungsgebiete","og_url":"https:\/\/www.rct-online.de\/magazin\/diamant-und-graphit\/","og_site_name":"Reichelt Chemietechnik Magazin","article_published_time":"2020-12-22T11:00:23+00:00","article_modified_time":"2025-11-21T08:23:13+00:00","og_image":[{"width":800,"height":533,"url":"https:\/\/www.rct-online.de\/magazin\/wp-content\/uploads\/2021\/12\/Diamant-und-Graphit.jpg","type":"image\/jpeg"}],"author":"Sven Weber","twitter_card":"summary_large_image","twitter_misc":{"Verfasst von":"Sven Weber","Gesch\u00e4tzte Lesezeit":"9\u00a0Minuten"},"schema":{"@context":"https:\/\/schema.org","@graph":[{"@type":"WebPage","@id":"https:\/\/www.rct-online.de\/magazin\/diamant-und-graphit\/","url":"https:\/\/www.rct-online.de\/magazin\/diamant-und-graphit\/","name":"Diamant und Graphit \u2013 RCT Magazin","isPartOf":{"@id":"https:\/\/www.rct-online.de\/magazin\/#website"},"primaryImageOfPage":{"@id":"https:\/\/www.rct-online.de\/magazin\/diamant-und-graphit\/#primaryimage"},"image":{"@id":"https:\/\/www.rct-online.de\/magazin\/diamant-und-graphit\/#primaryimage"},"thumbnailUrl":"https:\/\/www.rct-online.de\/magazin\/wp-content\/uploads\/2021\/12\/Diamant-und-Graphit.jpg","datePublished":"2020-12-22T11:00:23+00:00","dateModified":"2025-11-21T08:23:13+00:00","author":{"@id":"https:\/\/www.rct-online.de\/magazin\/#\/schema\/person\/5436b1a88f13d88d14adce42e079dcd3"},"description":"Diamant und Graphit: Was zeichnet die\u00a0Kohlenstoff-Modifikationen aus? \u2192\u00a0\u2705\u00a0Nat\u00fcrliches Vorkommen\u00a0\u2705\u00a0Synthese\u00a0\u2705\u00a0Anwendungsgebiete","breadcrumb":{"@id":"https:\/\/www.rct-online.de\/magazin\/diamant-und-graphit\/#breadcrumb"},"inLanguage":"de","potentialAction":[{"@type":"ReadAction","target":["https:\/\/www.rct-online.de\/magazin\/diamant-und-graphit\/"]}]},{"@type":"ImageObject","inLanguage":"de","@id":"https:\/\/www.rct-online.de\/magazin\/diamant-und-graphit\/#primaryimage","url":"https:\/\/www.rct-online.de\/magazin\/wp-content\/uploads\/2021\/12\/Diamant-und-Graphit.jpg","contentUrl":"https:\/\/www.rct-online.de\/magazin\/wp-content\/uploads\/2021\/12\/Diamant-und-Graphit.jpg","width":800,"height":533},{"@type":"BreadcrumbList","@id":"https:\/\/www.rct-online.de\/magazin\/diamant-und-graphit\/#breadcrumb","itemListElement":[{"@type":"ListItem","position":1,"name":"Startseite","item":"https:\/\/www.rct-online.de\/magazin\/"},{"@type":"ListItem","position":2,"name":"Diamant\u00a0und Graphit"}]},{"@type":"WebSite","@id":"https:\/\/www.rct-online.de\/magazin\/#website","url":"https:\/\/www.rct-online.de\/magazin\/","name":"Reichelt Chemietechnik Magazin","description":"","potentialAction":[{"@type":"SearchAction","target":{"@type":"EntryPoint","urlTemplate":"https:\/\/www.rct-online.de\/magazin\/?s={search_term_string}"},"query-input":"required name=search_term_string"}],"inLanguage":"de"},{"@type":"Person","@id":"https:\/\/www.rct-online.de\/magazin\/#\/schema\/person\/5436b1a88f13d88d14adce42e079dcd3","name":"Sven Weber","image":{"@type":"ImageObject","inLanguage":"de","@id":"https:\/\/www.rct-online.de\/magazin\/#\/schema\/person\/image\/","url":"https:\/\/www.rct-online.de\/magazin\/wp-content\/uploads\/2024\/07\/Sven_Weber.jpg","contentUrl":"https:\/\/www.rct-online.de\/magazin\/wp-content\/uploads\/2024\/07\/Sven_Weber.jpg","caption":"Sven Weber"},"description":"Durch und durch Naturwissenschaftler und Musiker: Schon in der Schule waren Sven Weber die naturwissenschaftlichen F\u00e4cher die liebsten, sodass ein Chemie-Studium die einzig logische Konsequenz war. Die Begeisterung f\u00fcr diesen Fachbereich f\u00fchrte letztlich zu einem 2. Staatsexamen als Gymnasiallehrer mit den F\u00e4chern Chemie und Mathematik. Als privater Ausgleich stand und steht die Musik: Das Spielen auf verschiedenen Instrumenten in diversen musikalischen Vereinigungen. Der Ton macht die Musik \u2013 ein f\u00fcr viele Lebensbereiche geltendes Credo! Dann stimmt auch die Chemie!","url":"https:\/\/www.rct-online.de\/magazin\/author\/s-weber\/"}]}},"_links":{"self":[{"href":"https:\/\/www.rct-online.de\/magazin\/wp-json\/wp\/v2\/posts\/5913"}],"collection":[{"href":"https:\/\/www.rct-online.de\/magazin\/wp-json\/wp\/v2\/posts"}],"about":[{"href":"https:\/\/www.rct-online.de\/magazin\/wp-json\/wp\/v2\/types\/post"}],"author":[{"embeddable":true,"href":"https:\/\/www.rct-online.de\/magazin\/wp-json\/wp\/v2\/users\/15"}],"replies":[{"embeddable":true,"href":"https:\/\/www.rct-online.de\/magazin\/wp-json\/wp\/v2\/comments?post=5913"}],"version-history":[{"count":42,"href":"https:\/\/www.rct-online.de\/magazin\/wp-json\/wp\/v2\/posts\/5913\/revisions"}],"predecessor-version":[{"id":5966,"href":"https:\/\/www.rct-online.de\/magazin\/wp-json\/wp\/v2\/posts\/5913\/revisions\/5966"}],"wp:featuredmedia":[{"embeddable":true,"href":"https:\/\/www.rct-online.de\/magazin\/wp-json\/wp\/v2\/media\/5918"}],"wp:attachment":[{"href":"https:\/\/www.rct-online.de\/magazin\/wp-json\/wp\/v2\/media?parent=5913"}],"wp:term":[{"taxonomy":"category","embeddable":true,"href":"https:\/\/www.rct-online.de\/magazin\/wp-json\/wp\/v2\/categories?post=5913"},{"taxonomy":"post_tag","embeddable":true,"href":"https:\/\/www.rct-online.de\/magazin\/wp-json\/wp\/v2\/tags?post=5913"}],"curies":[{"name":"wp","href":"https:\/\/api.w.org\/{rel}","templated":true}]}}