{"id":5845,"date":"2020-12-16T16:34:43","date_gmt":"2020-12-16T15:34:43","guid":{"rendered":"https:\/\/www.rct-online.de\/magazin\/?p=5845"},"modified":"2025-04-07T09:51:49","modified_gmt":"2025-04-07T07:51:49","slug":"kalk-naturstoff","status":"publish","type":"post","link":"https:\/\/www.rct-online.de\/magazin\/kalk-naturstoff\/","title":{"rendered":"\u00dcberall und nirgends \u2013 Wissenswertes \u00fcber den Naturstoff Kalk"},"content":{"rendered":"<div id=\"ez-toc-container\" class=\"ez-toc-v2_0_73 ez-toc-wrap-center counter-hierarchy ez-toc-counter ez-toc-white ez-toc-container-direction\">\n<div class=\"ez-toc-title-container\">\n<p class=\"ez-toc-title\" style=\"cursor:inherit\">Inhaltsverzeichnis<\/p>\n<span class=\"ez-toc-title-toggle\"><a href=\"#\" class=\"ez-toc-pull-right ez-toc-btn ez-toc-btn-xs ez-toc-btn-default ez-toc-toggle\" aria-label=\"Toggle Table of Content\"><span class=\"ez-toc-js-icon-con\"><span class=\"\"><span class=\"eztoc-hide\" style=\"display:none;\">Toggle<\/span><span class=\"ez-toc-icon-toggle-span\"><svg style=\"fill: #999;color:#999\" xmlns=\"http:\/\/www.w3.org\/2000\/svg\" class=\"list-377408\" width=\"20px\" height=\"20px\" viewBox=\"0 0 24 24\" fill=\"none\"><path d=\"M6 6H4v2h2V6zm14 0H8v2h12V6zM4 11h2v2H4v-2zm16 0H8v2h12v-2zM4 16h2v2H4v-2zm16 0H8v2h12v-2z\" fill=\"currentColor\"><\/path><\/svg><svg style=\"fill: #999;color:#999\" class=\"arrow-unsorted-368013\" xmlns=\"http:\/\/www.w3.org\/2000\/svg\" width=\"10px\" height=\"10px\" viewBox=\"0 0 24 24\" version=\"1.2\" baseProfile=\"tiny\"><path d=\"M18.2 9.3l-6.2-6.3-6.2 6.3c-.2.2-.3.4-.3.7s.1.5.3.7c.2.2.4.3.7.3h11c.3 0 .5-.1.7-.3.2-.2.3-.5.3-.7s-.1-.5-.3-.7zM5.8 14.7l6.2 6.3 6.2-6.3c.2-.2.3-.5.3-.7s-.1-.5-.3-.7c-.2-.2-.4-.3-.7-.3h-11c-.3 0-.5.1-.7.3-.2.2-.3.5-.3.7s.1.5.3.7z\"\/><\/svg><\/span><\/span><\/span><\/a><\/span><\/div>\n<nav><ul class='ez-toc-list ez-toc-list-level-1 ' ><li class='ez-toc-page-1 ez-toc-heading-level-2'><a class=\"ez-toc-link ez-toc-heading-1\" href=\"https:\/\/www.rct-online.de\/magazin\/kalk-naturstoff\/#Was_Kalk_ist_und_wo_ist_er_zu_finden\" title=\"Was Kalk ist und wo ist er zu finden?\">Was Kalk ist und wo ist er zu finden?<\/a><\/li><li class='ez-toc-page-1 ez-toc-heading-level-2'><a class=\"ez-toc-link ez-toc-heading-2\" href=\"https:\/\/www.rct-online.de\/magazin\/kalk-naturstoff\/#Unliebsamer_Kalk_und_der_Haertegrad_des_Wassers\" title=\"Unliebsamer Kalk und der H\u00e4rtegrad des Wassers\">Unliebsamer Kalk und der H\u00e4rtegrad des Wassers<\/a><\/li><li class='ez-toc-page-1 ez-toc-heading-level-2'><a class=\"ez-toc-link ez-toc-heading-3\" href=\"https:\/\/www.rct-online.de\/magazin\/kalk-naturstoff\/#Wo_kommt_der_Kalk_her_%E2%80%93_der_Kohlenstoffkreislauf\" title=\"Wo kommt der Kalk her? \u2013 der Kohlenstoffkreislauf\">Wo kommt der Kalk her? \u2013 der Kohlenstoffkreislauf<\/a><\/li><li class='ez-toc-page-1 ez-toc-heading-level-2'><a class=\"ez-toc-link ez-toc-heading-4\" href=\"https:\/\/www.rct-online.de\/magazin\/kalk-naturstoff\/#Baukalk_%E2%80%93_Kalk_als_Baustoff\" title=\"Baukalk\u00a0\u2013 Kalk als Baustoff\">Baukalk\u00a0\u2013 Kalk als Baustoff<\/a><\/li><li class='ez-toc-page-1 ez-toc-heading-level-2'><a class=\"ez-toc-link ez-toc-heading-5\" href=\"https:\/\/www.rct-online.de\/magazin\/kalk-naturstoff\/#Ueberall_und_nirgends\" title=\"\u00dcberall und nirgends\">\u00dcberall und nirgends<\/a><\/li><\/ul><\/nav><\/div>\n<p style=\"text-align: justify;\"><b><span data-contrast=\"none\">Kalkablagerungen\u00a0<\/span><\/b><b><span data-contrast=\"none\">auf\u00a0<\/span><\/b><b><span data-contrast=\"none\">verchromten oder Edelstahl-Armaturen und blinde Fliesen im Bad<\/span><\/b><b><span data-contrast=\"none\">\u00a0sehen unsch\u00f6n aus.<\/span><\/b><b><span data-contrast=\"none\">\u00a0<\/span><\/b><b><span data-contrast=\"none\">I<\/span><\/b><b><span data-contrast=\"none\">n Hei\u00dfwasserbereitern, in der Kaffeemaschine oder in Rohrleitungen f\u00fchren sie jedoch zu Problemen, denn sie mindern die W\u00e4rme\u00fcbertragung und behindern den Durchfluss des Wassers. Doch Kalk ist nicht gleich Kalk.<\/span><\/b><\/p>\n<p style=\"text-align: justify;\"><b><span data-contrast=\"none\">Als Baustoff ist er unverzichtbar. Forstbetriebe lassen \u00fcber W\u00e4lder gro\u00dffl\u00e4chig Kalk ausbreiten, um der Versauerung der Waldb\u00f6den entgegenzuwirken <\/span><\/b><b><span data-contrast=\"none\">\u2013\u00a0<\/span><\/b><b><span data-contrast=\"none\">und der Kleing\u00e4rtner tut es ebenso. Aus Marmor<\/span><\/b><b><span data-contrast=\"none\">\u00a0<\/span><\/b><b><span data-contrast=\"none\">wurden schon in der Antike Pal\u00e4ste und Tempel gebaut und Skulpturen gemei\u00dfelt, die uns noch heute faszinieren, wie auch die bizarren Gebilde<\/span><\/b><b><span data-contrast=\"none\">\u00a0in\u00a0<\/span><\/b><b><span data-contrast=\"none\">Tropfsteinh\u00f6hlen,\u00a0<\/span><\/b><b><span data-contrast=\"none\">Stalaktiten<\/span><\/b><b><span data-contrast=\"none\">\u00a0und\u00a0<\/span><\/b><b><span data-contrast=\"none\">Stalagmiten<\/span><\/b><b><span data-contrast=\"none\">, die die Natur \u00fcber Jahrtausende im Verborgenen aus Kalk geformt hat. Und auch das Weltklima wird durch Kalk und seinen Kreislauf in der Natur wesentlich mit beeinflusst.<\/span><\/b><b><span data-contrast=\"none\">\u00a0<\/span><\/b><b><span data-contrast=\"none\">Ob er erw\u00fcnscht ist oder nicht, der Naturstoff Kalk begegnet uns st\u00e4ndig und \u00fcberall und spielt f\u00fcr unser Dasein eine gewichtige Rolle.<\/span><\/b><\/p>\n<figure id=\"attachment_5868\" aria-describedby=\"caption-attachment-5868\" style=\"width: 415px\" class=\"wp-caption aligncenter\"><img loading=\"lazy\" decoding=\"async\" class=\"wp-image-5868\" title=\"H\u00e4ngende Stalaktiten in der englischen Treak Cliff Cavern\" src=\"https:\/\/www.rct-online.de\/magazin\/wp-content\/uploads\/2020\/12\/Haengende-Stalaktiten-in-der-englischen-Treak-Cliff-Cavern.jpg\" alt=\"Haengende Stalaktiten in der englischen Treak Cliff Cavern kalk-naturstoff\" width=\"415\" height=\"277\" srcset=\"https:\/\/www.rct-online.de\/magazin\/wp-content\/uploads\/2020\/12\/Haengende-Stalaktiten-in-der-englischen-Treak-Cliff-Cavern.jpg 600w, https:\/\/www.rct-online.de\/magazin\/wp-content\/uploads\/2020\/12\/Haengende-Stalaktiten-in-der-englischen-Treak-Cliff-Cavern-300x200.jpg 300w\" sizes=\"(max-width: 415px) 100vw, 415px\" \/><figcaption id=\"caption-attachment-5868\" class=\"wp-caption-text\"><center>H\u00e4ngende Stalaktiten in der englischen Treak Cliff Cavern<\/center><\/figcaption><\/figure>\n<h2><span class=\"ez-toc-section\" id=\"Was_Kalk_ist_und_wo_ist_er_zu_finden\"><\/span>Was Kalk ist und wo ist er zu finden?<span class=\"ez-toc-section-end\"><\/span><\/h2>\n<p style=\"text-align: justify;\">Kalk ist Calciumcarbonat (CaCO<span data-contrast=\"none\"><sub>3<\/sub><\/span>), das Calcium-Salz der Kohlens\u00e4ure (H<span data-contrast=\"none\"><sub>2<\/sub><\/span>CO<span data-contrast=\"none\"><sub>3<\/sub><\/span>), die es eigentlich in dieser Form gar nicht gibt, denn sie ist nicht best\u00e4ndig und zerf\u00e4llt zu Wasser und Kohlenstoffdioxid (CO<span data-contrast=\"none\"><sub>2<\/sub><\/span>). Doch sie bildet stabile Salze, die chemische Stoffklasse der Carbonate. Kalk ist in der Natur in vielerlei Gestalt und Form verbreitet. Der gr\u00f6\u00dfte Anteil ist als Kalkstein im Wasser vorzufinden, Meeresablagerungen, an deren Bildung unter anderem Muscheln und Korallen beteiligt waren.<\/p>\n<blockquote>\n<p style=\"text-align: justify;\">Tektonische Ereignisse haben im Verlauf der Erdgeschichte die Meeresb\u00f6den der Erde angehoben, aus denen schlie\u00dflich ganze Gebirgsz\u00fcge, wie in Europa das Wettersteingebirge oder die Dolomiten in den Kalkalpen, hervorgegangen sind.<\/p>\n<\/blockquote>\n<p style=\"text-align: justify;\">Marmor ist eine besonders sch\u00f6ne Form von Kalkgestein, er ist kristallin und hat sich nachtr\u00e4glich aus Kalkstein-Ablagerungen in der Tiefe der Erdrinde bei hohen Temperaturen und hohem Druck gebildet. Von Mineralogen werden solche \u00fcber Jahrmillionen ablaufende Prozesse als \u201emetamorphe Umwandlungen\u201c bezeichnet.<\/p>\n<figure id=\"attachment_5870\" aria-describedby=\"caption-attachment-5870\" style=\"width: 280px\" class=\"wp-caption aligncenter\"><img loading=\"lazy\" decoding=\"async\" class=\"wp-image-5870\" title=\"Eine der bekanntesten Marmorstatuen: Der David von Michelangelo\" src=\"https:\/\/www.rct-online.de\/magazin\/wp-content\/uploads\/2020\/12\/David-von-Michelangelo.jpg\" alt=\"David von Michelangelo\" width=\"280\" height=\"536\" srcset=\"https:\/\/www.rct-online.de\/magazin\/wp-content\/uploads\/2020\/12\/David-von-Michelangelo.jpg 600w, https:\/\/www.rct-online.de\/magazin\/wp-content\/uploads\/2020\/12\/David-von-Michelangelo-157x300.jpg 157w, https:\/\/www.rct-online.de\/magazin\/wp-content\/uploads\/2020\/12\/David-von-Michelangelo-535x1024.jpg 535w\" sizes=\"(max-width: 280px) 100vw, 280px\" \/><figcaption id=\"caption-attachment-5870\" class=\"wp-caption-text\"><center>Eine der bekanntesten Marmorstatuen: Der David von Michelangelo<\/center><\/figcaption><\/figure>\n<p style=\"text-align: justify;\">Zur Stoffklasse der \u201enat\u00fcrlichen\u201c Carbonate z\u00e4hlen auch Kaliumcarbonat (K<span data-contrast=\"none\"><sub>2<\/sub><\/span>CO<span data-contrast=\"none\"><sub>3<\/sub><\/span>) mit dem historisch begr\u00fcndeten Trivialnamen \u201ePottasche\u201c und Natriumcarbonat (Na<span data-contrast=\"none\"><sub>2<\/sub><\/span>CO<span data-contrast=\"none\"><sub>3<\/sub><\/span>), das besser als \u201eSoda\u201c bekannt ist. Sie und mancherorts auch Kalk sind Bestandteile von Salzlagerst\u00e4tten, die einst beim Verdunsten von fr\u00fchen Meeren entstanden sind.<\/p>\n<h2><span class=\"ez-toc-section\" id=\"Unliebsamer_Kalk_und_der_Haertegrad_des_Wassers\"><\/span>Unliebsamer Kalk und der H\u00e4rtegrad des Wassers<span class=\"ez-toc-section-end\"><\/span><\/h2>\n<p style=\"text-align: justify;\">Die grauen, stumpfen Ablagerungen an der Duschwand und am verchromten Wasserhahn sind jedem schon begegnet. Der Grund daf\u00fcr ist im Wasser gel\u00f6ster Kalk, der, wie einst beim Austrocknen der Urmeere, zur\u00fcckbleibt, wenn das Wasser verdunstet.<\/p>\n<blockquote>\n<p style=\"text-align: justify;\">Je nachdem, wie kalkhaltig das Wasser ist, wird zwischen \u201ehartem\u201c und \u201eweichem\u201c Wasser unterschieden, was anhand der unterschiedlichen Schaumentwicklung mit Seife beobachtet werden kann.<\/p>\n<\/blockquote>\n<p style=\"text-align: justify;\">Starke Schaumbildung bedeutet weiches, kalkarmes Wasser, geringe Schaumbildung hingegen weist auf hartes, stark kalkhaltiges Wasser hin. Denn in Wasser gel\u00f6ster Kalk bildet mit Seifen, das sind Natrium- oder Kaliumsalze langkettiger Carbons\u00e4uren, schwer l\u00f6sliche Calcium-Salze, die \u201eKalkseifen\u201c. Dadurch sind die gut wasserl\u00f6slichen Natrium- oder Kalium-Seifen f\u00fcr die Schaumbildung und f\u00fcr die damit verbundene Waschwirkung nicht mehr verf\u00fcgbar, vielmehr sind Kalkseifen auch Bestandteile der unliebsamen Kalkablagerungen im Bad.<\/p>\n<p><center><a href=\"https:\/\/www.rct-online.de\/de\/schlaeuche\/harte-kunststoffschlaeuche-kunststoffrohre\/pe-schlaeuche\/lldpe-schlauch-fuer-die-trinkwasserversorgung\"><img loading=\"lazy\" decoding=\"async\" class=\"alignnone wp-image-5877 size-full\" title=\"LLDPE-Schlauch f\u00fcr die Trinkwasserversorgung\" src=\"https:\/\/www.rct-online.de\/magazin\/wp-content\/uploads\/2020\/12\/lldpe-schlauch-fuer-die-trinkwasserversorgung.jpg\" alt=\"lldpe-schlauch-fuer-die-trinkwasserversorgung\" width=\"300\" height=\"300\" srcset=\"https:\/\/www.rct-online.de\/magazin\/wp-content\/uploads\/2020\/12\/lldpe-schlauch-fuer-die-trinkwasserversorgung.jpg 300w, https:\/\/www.rct-online.de\/magazin\/wp-content\/uploads\/2020\/12\/lldpe-schlauch-fuer-die-trinkwasserversorgung-150x150.jpg 150w\" sizes=\"(max-width: 300px) 100vw, 300px\" \/><\/a> <a href=\"https:\/\/www.rct-online.de\/de\/schlaeuche\/gummischlaeuche-elastomerschlaeuche\/nbr-schlaeuche\/nbr-trinkwasserschlauch-ktw\/dvgw\"><img loading=\"lazy\" decoding=\"async\" class=\"alignnone wp-image-5878 size-full\" title=\"NBR-Trinkwasserschlauch - KTW\/DVGW\" src=\"https:\/\/www.rct-online.de\/magazin\/wp-content\/uploads\/2020\/12\/nbr-trinkwasserschlauch-ktw-dvgw.jpg\" alt=\"nbr-trinkwasserschlauch-ktw-dvgw\" width=\"300\" height=\"300\" srcset=\"https:\/\/www.rct-online.de\/magazin\/wp-content\/uploads\/2020\/12\/nbr-trinkwasserschlauch-ktw-dvgw.jpg 300w, https:\/\/www.rct-online.de\/magazin\/wp-content\/uploads\/2020\/12\/nbr-trinkwasserschlauch-ktw-dvgw-150x150.jpg 150w\" sizes=\"(max-width: 300px) 100vw, 300px\" \/><\/a><\/center><\/p>\n<p style=\"text-align: justify;\">Die Wasserh\u00e4rte h\u00e4ngt selbstverst\u00e4ndlich von der Herkunft des Wassers ab. Gebirgswasser enth\u00e4lt mehr Mineralstoffe (bspw. Kalium und Calcium) und damit auch mehr Kalk und ist h\u00e4rter, als das aus Uferfiltraten der Fl\u00fcsse gewonnene Trinkwasser. In Deutschland ist die H\u00e4rte eines Wassers als Calciumoxid-Gehalt (CaO) in Millimol Calciumoxid pro Liter Wasser definiert und in \u201eGrad deutscher H\u00e4rte\u201c (\u00b0dH) angegeben.<\/p>\n<figure id=\"attachment_5873\" aria-describedby=\"caption-attachment-5873\" style=\"width: 375px\" class=\"wp-caption aligncenter\"><img loading=\"lazy\" decoding=\"async\" class=\"wp-image-5873\" title=\"Kalkablagerungen an einem undichten Absperrventil\" src=\"https:\/\/www.rct-online.de\/magazin\/wp-content\/uploads\/2020\/12\/Kalkablagerungen-an-einem-undichten-Absperrventil.jpg\" alt=\"Kalkablagerungen an einem undichten Absperrventil kalk-naturstoff\" width=\"375\" height=\"369\" srcset=\"https:\/\/www.rct-online.de\/magazin\/wp-content\/uploads\/2020\/12\/Kalkablagerungen-an-einem-undichten-Absperrventil.jpg 600w, https:\/\/www.rct-online.de\/magazin\/wp-content\/uploads\/2020\/12\/Kalkablagerungen-an-einem-undichten-Absperrventil-300x295.jpg 300w\" sizes=\"(max-width: 375px) 100vw, 375px\" \/><figcaption id=\"caption-attachment-5873\" class=\"wp-caption-text\"><center>Kalkablagerungen an einem undichten Absperrventil<\/center><\/figcaption><\/figure>\n<p style=\"text-align: justify;\">Danach ist Wasser mit einem Calciumoxid-Gehalt bis zu 1,3 mmol\/l, dem eine Wasserh\u00e4rte bis zu 7 \u00b0dH entspricht, ein \u201eweiches\u201c Wasser. Wasser mit einem Calciumoxidgehalt von mehr als 2,5 mmol\/l ist hingegen \u201ehartes\u201c Wasser, dem eine H\u00e4rte \u00fcber 14 \u00b0dH entspricht. Als eine besser \u00fcberschaubare Faustregel gilt: Ein Grad Deutscher Wasserh\u00e4rte (1 \u00b0dH) entsprechen 10 mg Calciumoxid im Liter Wasser. Doch die vielen Zahlen d\u00fcrften nur die wenigsten interessieren: Der Laie erf\u00fchlt die Wasserh\u00e4rte beim W\u00e4schewaschen und Duschen oder erkennt sie an den Kesselsteinablagerungen im Wasserkocher.<\/p>\n<h2><span class=\"ez-toc-section\" id=\"Wo_kommt_der_Kalk_her_%E2%80%93_der_Kohlenstoffkreislauf\"><\/span>Wo kommt der Kalk her? \u2013 der Kohlenstoffkreislauf<span class=\"ez-toc-section-end\"><\/span><\/h2>\n<p style=\"text-align: justify;\">Kalk ist wegen seines im Carbonat enthaltenden Kohlenstoffes Teil des geologischen Kohlenstoffkreislaufs in der unbelebten Natur und als Naturstoff einer von vielen Kohlenstoffspeichern. Mit einem vergleichsweise geringen Vorkommen von 0,03 % auf unserer Erde ist Kohlenstoff dennoch ein klimatisch sehr entscheidendes Element. Dabei sind 99 % der Masse des gesamten Kohlenstoffes zum gro\u00dfen Teil in Sedimenten fixiert, wie in Carbonaten und somit auch im Naturstoff Kalk.<\/p>\n<blockquote>\n<p style=\"text-align: justify;\">Bei der Verwitterung von Kalkgestein wandelt in Wasser gel\u00f6stes CO<span data-contrast=\"none\"><sub>2<\/sub><\/span> aus der Luft, beispielsweise Regenwasser, das unl\u00f6sliche Calciumcarbonat CaCO<span data-contrast=\"none\"><sub>3<\/sub><\/span> in l\u00f6sliches Calcium-Hydrogencarbonat Ca(HCO<span data-contrast=\"none\"><sub>3<\/sub><\/span>)<span data-contrast=\"none\"><sub>2<\/sub><\/span> um.<\/p>\n<\/blockquote>\n<p style=\"text-align: justify;\">Hierdurch wird Calciumcarbonat aus dem Gestein mobilisiert und mit dem Wasser fortgetragen. Durch solche Auswaschungen gelangt Kalk auch in unser Trinkwasser, wo er schlussendlich auch f\u00fcr die die Wasserh\u00e4rte verantwortlich ist. Unter ver\u00e4nderten \u00e4u\u00dferen Bedingungen, wie andere Temperaturen, kann die R\u00fcckreaktion des Hydrocarbonats unmittelbar zu Kohlenstoffdioxid und Calciumcarbonat erfolgen, wobei sich letzteres dann als Feststoff ablagert.<\/p>\n<p><center><a href=\"https:\/\/www.rct-online.de\/de\/schlauchverbinder\/verbinder-aus-kunststoff\/schlauchtuellen\/wasser-regulier-uebergangsstueck\"><img loading=\"lazy\" decoding=\"async\" class=\"alignnone wp-image-5881 size-full\" title=\"Wasser-Regulier-\u00dcbergangsst\u00fcck | kein Verkalken des \u00dcbergangsst\u00fcckes\" src=\"https:\/\/www.rct-online.de\/magazin\/wp-content\/uploads\/2020\/12\/wasser-regulier-uebergangsstueck.jpg\" alt=\"wasser-regulier-uebergangsstueck kalk-naturstoff\" width=\"300\" height=\"300\" srcset=\"https:\/\/www.rct-online.de\/magazin\/wp-content\/uploads\/2020\/12\/wasser-regulier-uebergangsstueck.jpg 300w, https:\/\/www.rct-online.de\/magazin\/wp-content\/uploads\/2020\/12\/wasser-regulier-uebergangsstueck-150x150.jpg 150w\" sizes=\"(max-width: 300px) 100vw, 300px\" \/><\/a> <a href=\"https:\/\/www.rct-online.de\/de\/laborbedarf\/laborgeraete-und-utensilien\/wasserbad-aus-pp\"><img loading=\"lazy\" decoding=\"async\" class=\"alignnone wp-image-5882 size-full\" title=\"Wasserbad aus PP | kein Kalkansatz m\u00f6glich\" src=\"https:\/\/www.rct-online.de\/magazin\/wp-content\/uploads\/2020\/12\/wasserbad-aus-pp.jpg\" alt=\"wasserbad-aus-pp kalk-naturstoff\" width=\"300\" height=\"300\" srcset=\"https:\/\/www.rct-online.de\/magazin\/wp-content\/uploads\/2020\/12\/wasserbad-aus-pp.jpg 300w, https:\/\/www.rct-online.de\/magazin\/wp-content\/uploads\/2020\/12\/wasserbad-aus-pp-150x150.jpg 150w\" sizes=\"(max-width: 300px) 100vw, 300px\" \/><\/a><\/center><\/p>\n<p style=\"text-align: justify;\">Als Hydrocarbonat findet Kalk schlie\u00dflich auch \u00fcber die Fl\u00fcsse seinen Weg bis in die Meere. Mikroorganismen, Muscheln und Korallen bilden daraus ihre Au\u00dfenskelette, die sich nach dem Absterben als Carbonat-Sediment am Meeresboden absetzen.<\/p>\n<blockquote>\n<p style=\"text-align: justify;\">Erh\u00f6ht sich der Kohlenstoffdioxid-Anteil in der Atmosph\u00e4re, steigt auch die CO<span data-contrast=\"none\"><sub>2<\/sub><\/span>-Konzentration in den Weltmeeren.<\/p>\n<\/blockquote>\n<p style=\"text-align: justify;\">Es l\u00f6st sich folglich darin auch mehr Kohlenstoffdioxid und Meere beginnen zu \u201eversauern\u201c. Die Folgen f\u00fcr die Meeresflora und -fauna sind weitreichend, weil sie dann nicht mehr zur Kalkbildung f\u00fcr den Aufbau ihrer Skelette imstande sind. Prognosen besagen, dass sich der pH-Wert, der im Normalmittel bei pH = 8,25 liegt, bis zum Ende des Jahrhunderts auf 7,5 absenken wird, wenn hier nicht global gegengesteuert und der anthropogene CO\u2082-Aussto\u00df erheblich verringert wird.<\/p>\n<p><center><a href=\"https:\/\/www.rct-online.de\/de\/laborbedarf\/laborbehaelter\/messbecher-und-messkolben\/henkelbecher-aus-pp-zylindrisch-hoch\"><img loading=\"lazy\" decoding=\"async\" class=\"alignnone wp-image-5885 size-full\" title=\"Henkelbecher aus PP - zylindrisch, hoch\" src=\"https:\/\/www.rct-online.de\/magazin\/wp-content\/uploads\/2020\/12\/henkelbecher-aus-pp-zylindrisch-hoch.jpg\" alt=\"henkelbecher-aus-pp-zylindrisch-hoch\" width=\"300\" height=\"300\" srcset=\"https:\/\/www.rct-online.de\/magazin\/wp-content\/uploads\/2020\/12\/henkelbecher-aus-pp-zylindrisch-hoch.jpg 300w, https:\/\/www.rct-online.de\/magazin\/wp-content\/uploads\/2020\/12\/henkelbecher-aus-pp-zylindrisch-hoch-150x150.jpg 150w\" sizes=\"(max-width: 300px) 100vw, 300px\" \/><\/a> <a href=\"https:\/\/www.rct-online.de\/de\/laborbedarf\/laborbehaelter\/schalen-und-tiegel\/abdampfschale-aus-pp-mit-ausguss\"><img loading=\"lazy\" decoding=\"async\" class=\"alignnone wp-image-5886 size-full\" title=\"Abdampfschale aus PP - mit Ausguss\" src=\"https:\/\/www.rct-online.de\/magazin\/wp-content\/uploads\/2020\/12\/abdampfschale-aus-pp-mit-ausguss.jpg\" alt=\"abdampfschale-aus-pp-mit-ausguss\" width=\"300\" height=\"300\" srcset=\"https:\/\/www.rct-online.de\/magazin\/wp-content\/uploads\/2020\/12\/abdampfschale-aus-pp-mit-ausguss.jpg 300w, https:\/\/www.rct-online.de\/magazin\/wp-content\/uploads\/2020\/12\/abdampfschale-aus-pp-mit-ausguss-150x150.jpg 150w\" sizes=\"(max-width: 300px) 100vw, 300px\" \/><\/a><\/center><\/p>\n<h2><span class=\"ez-toc-section\" id=\"Baukalk_%E2%80%93_Kalk_als_Baustoff\"><\/span>Baukalk\u00a0\u2013 Kalk als Baustoff<span class=\"ez-toc-section-end\"><\/span><\/h2>\n<p style=\"text-align: justify;\">Kalk ist als Baustoff, ebenso wie Marmor, bereits seit der Antike bekannt. W\u00e4hrend Marmor vergleichsweise einfach mit Muskelkraft, Hammer und Mei\u00dfel abgebaut und unmittelbar verwendet werden kann, ist der Kalkstein so, wie er vorgefunden wird, als Baumaterial nicht besonders gut geeignet. Er ist por\u00f6s und dadurch weniger fest und w\u00fcrde besonders in unseren Breiten schnell der Verwitterung anheimfallen. Um aus nat\u00fcrlichem Kalkstein (CaCO<span data-contrast=\"none\"><sub>3<\/sub><\/span>) einen Bauststoff zu gewinnen, muss er in die geeignete chemische Form gebracht werden. Das erfolgt in einem zweistufigen Umwandlungsprozess, dem \u201eKalkbrennen\u201c und dem nachfolgenden \u201eKalkl\u00f6schen\u201c.<\/p>\n<p style=\"text-align: justify;\">Der in Steinbr\u00fcchen abgebaute und gemahlene Kalkstein CaCO<span data-contrast=\"none\"><sub>3<\/sub><\/span> wird zun\u00e4chst bei etwa +1000 \u00b0C in ofen\u00e4hnlichen Anlagen gegl\u00fcht, man sagt \u201egebrannt\u201c, wobei er sich zu Kohlenstoffdioxid und Calciumoxid (CaO) umsetzt, dem \u201eBranntkalk\u201c:<\/p>\n<p style=\"text-align: center;\"><span data-contrast=\"none\">Kalkbrennen:<\/span><span data-contrast=\"none\">\u00a0<\/span><span data-contrast=\"none\">CaCO<sub>3<\/sub><\/span><span data-contrast=\"none\"> \u2192<\/span><span data-contrast=\"none\">\u00a0<\/span><span data-contrast=\"none\">CaO<\/span><span data-contrast=\"none\">\u00a0<\/span><span data-contrast=\"none\">+<\/span><span data-contrast=\"none\">\u00a0<\/span><span data-contrast=\"none\">CO<sub>2<\/sub><\/span><\/p>\n<p style=\"text-align: justify;\">Branntkalk reagiert mit Wasser exotherm, also unter starker W\u00e4rmeentwicklung, zu Calciumhydroxid Ca(OH)<span data-contrast=\"none\"><sub>2<\/sub><\/span>, dem stark alkalischen \u201eL\u00f6schkalk\u201c:<\/p>\n<p style=\"text-align: center;\"><span data-contrast=\"none\">Kalkl\u00f6schen:<\/span><span data-contrast=\"none\">\u00a0<\/span><span data-contrast=\"none\">CaO<\/span><span data-contrast=\"none\"> + H<sub>2<\/sub><\/span><span data-contrast=\"none\">O<\/span><span data-contrast=\"none\"> \u2192<\/span><span data-contrast=\"none\">\u00a0<\/span><span data-contrast=\"none\">Ca<\/span><span data-contrast=\"none\">(OH)<sub>2<\/sub><\/span><\/p>\n<p style=\"text-align: justify;\">Wird L\u00f6schkalk mit Sand gemischt, erh\u00e4lt man Kalkm\u00f6rtel. Beim Abbinden setzt sich der L\u00f6schkalk mit Kohlenstoffdioxid aus der Luft wieder zu festem Kalkstein um, zu Calciumcarbonat (CaCO<span data-contrast=\"none\"><sub>3<\/sub><\/span>):<\/p>\n<p style=\"text-align: center;\"><span data-contrast=\"none\">Abbinden:<\/span><span data-contrast=\"none\">\u00a0<\/span><span data-contrast=\"none\">Ca<\/span><span data-contrast=\"none\">(OH)<sub>2<\/sub><\/span><span data-contrast=\"none\">\u00a0<\/span><span data-contrast=\"none\">+<\/span><span data-contrast=\"none\">\u00a0<\/span><span data-contrast=\"none\">CO<sub>2<\/sub><\/span><span data-contrast=\"none\">\u00a0\u2192<\/span><span data-contrast=\"none\">\u00a0<\/span><span data-contrast=\"none\">CaCO<sub>3<\/sub><\/span><span data-contrast=\"none\">\u00a0<\/span><span data-contrast=\"none\">+<\/span><span data-contrast=\"none\">\u00a0<\/span><span data-contrast=\"none\">H<sub>2<\/sub><\/span><span data-contrast=\"none\">O<\/span><\/p>\n<p style=\"text-align: justify;\">Dabei bildet Calciumcarbonat feinkristalline Strukturen aus, die mit kantigem Bruchsand ein festes Gef\u00fcge ergeben und dadurch das Gem\u00e4uer zusammenh\u00e4lt. Heute wird Kalkm\u00f6rtel vorwiegend f\u00fcr den Innenausbau von Geb\u00e4uden und, meist mit weiteren Zuschlagstoffen, als Au\u00dfenputz verwendet.<\/p>\n<figure id=\"attachment_5875\" aria-describedby=\"caption-attachment-5875\" style=\"width: 600px\" class=\"wp-caption aligncenter\"><img loading=\"lazy\" decoding=\"async\" class=\"wp-image-5875 size-full\" title=\"Der technische Kalkkreislauf\" src=\"https:\/\/www.rct-online.de\/magazin\/wp-content\/uploads\/2020\/12\/Der-technische-Kalkkreislauf.jpg\" alt=\"Der technische Kalkkreislauf kalk-naturstoff\" width=\"600\" height=\"321\" srcset=\"https:\/\/www.rct-online.de\/magazin\/wp-content\/uploads\/2020\/12\/Der-technische-Kalkkreislauf.jpg 600w, https:\/\/www.rct-online.de\/magazin\/wp-content\/uploads\/2020\/12\/Der-technische-Kalkkreislauf-300x161.jpg 300w, https:\/\/www.rct-online.de\/magazin\/wp-content\/uploads\/2020\/12\/Der-technische-Kalkkreislauf-310x165.jpg 310w\" sizes=\"(max-width: 600px) 100vw, 600px\" \/><figcaption id=\"caption-attachment-5875\" class=\"wp-caption-text\"><center>Der technische Kalkkreislauf<\/center><\/figcaption><\/figure>\n<h2><span class=\"ez-toc-section\" id=\"Ueberall_und_nirgends\"><\/span>\u00dcberall und nirgends<span class=\"ez-toc-section-end\"><\/span><\/h2>\n<p style=\"text-align: justify;\">Kalk ist allgegenw\u00e4rtig, als l\u00e4stige Ablagerungen im Bad und als mineralischer Bestandteil im Trinkwasser, der die Wasserh\u00e4rte bestimmt. Doch in der freien Natur lernen wir seine wahre Sch\u00f6nheit kennen, als Kalkgebirge, die sich im Laufe von Millionen Jahren aus den fr\u00fchen Meeren erhoben haben, und in Tropfsteinh\u00f6hlen und Grotten. Als Baustoff ist Kalk seit der Antike bekannt, als edler Marmor, als Kalkstein und als gebrannter Kalk f\u00fcr Bauten, die uns immer noch hohen Respekt abverlangen. Auch heute kann im Bauwesen auf Kalk nicht verzichtet werden. Doch seine wichtigste Funktion erf\u00fcllt Kalk als Teil des anorganischen Kohlenstoffkreislaufs, der f\u00fcr das Klima dieser Welt so wichtig ist.<\/p>\n<p style=\"text-align: justify;\">Der Naturstoff Kalk ist ein Allesk\u00f6nner, der in vielen allt\u00e4glichen Bereichen und in der Natur seine sichtbaren und auch unsichtbaren Rollen spielt.<\/p>\n<hr \/>\n<pre><strong>Bildquellen:<\/strong>\r\nBeitragsbild | \u00a9 Angela Staenicke \u2013 stock.adobe.com\r\nDavid von Michelangelo | \u00a9 Rico Heil (User:Silmaril) \u2013 de.wikipedia.org\r\nKalkablagerungen am Absperrventil | \u00a9 Richard Huber \u2013 commons.wikimedia.org\r\nTechnischer Kalkkreislauf | \u00a9 H. Hoffmeister \u2013 de.wikipedia.org<\/pre>\n","protected":false},"excerpt":{"rendered":"<p>Kalkablagerungen\u00a0auf\u00a0verchromten oder Edelstahl-Armaturen und blinde Fliesen im Bad\u00a0sehen unsch\u00f6n aus.\u00a0In Hei\u00dfwasserbereitern, in der Kaffeemaschine oder in Rohrleitungen f\u00fchren sie jedoch zu Problemen, denn sie mindern die W\u00e4rme\u00fcbertragung und behindern den Durchfluss des Wassers. Doch Kalk ist nicht gleich Kalk. Als Baustoff ist er unverzichtbar. Forstbetriebe lassen \u00fcber W\u00e4lder gro\u00dffl\u00e4chig Kalk ausbreiten, um der Versauerung der &hellip;<\/p>\n","protected":false},"author":15,"featured_media":5867,"comment_status":"closed","ping_status":"open","sticky":false,"template":"","format":"standard","meta":{"footnotes":""},"categories":[117,2747],"tags":[322,933,934,254,927,932,926,931,935,23,249,253,925,16,47,573,7,252,110,251,929,32,928,930],"class_list":["post-5845","post","type-post","status-publish","format-standard","has-post-thumbnail","","category-alle-beitraege","category-werkstoffe-in-der-chemie","tag-abdampfschalen","tag-baukalk","tag-baustoff","tag-dvgw","tag-haertegrad","tag-henkelbecher","tag-kalk","tag-kalkansatz","tag-kalkkreislauf","tag-kohlenstoff","tag-ktw","tag-lldpe","tag-naturstoff","tag-nbr","tag-pp","tag-schlauch","tag-schlaeuche","tag-trinkwasser","tag-trinkwasserschlauch","tag-trinkwasserversorgung","tag-verkalken","tag-wasser","tag-wasser-regulier-uebergangsstueck","tag-wasserbad"],"yoast_head":"<!-- This site is optimized with the Yoast SEO plugin v23.1 - https:\/\/yoast.com\/wordpress\/plugins\/seo\/ -->\n<title>Wissenswertes \u00fcber den Naturstoff Kalk \u2013 RCT Magazin<\/title>\n<meta name=\"description\" content=\"Der Natur- und Baustoff Kalk: Eine \u00dcbersicht\u00a0\u2192\u00a0\u2705\u00a0Entstehung, Verwendung und\u00a0Verarbeitung\u00a0\u2705\u00a0H\u00e4rtegrad des Wassers\u00a0\u2705\u00a0Kohlenstoffkreislauf\" \/>\n<meta name=\"robots\" content=\"index, follow, max-snippet:-1, max-image-preview:large, max-video-preview:-1\" \/>\n<link rel=\"canonical\" href=\"https:\/\/www.rct-online.de\/magazin\/kalk-naturstoff\/\" \/>\n<meta property=\"og:locale\" content=\"de_DE\" \/>\n<meta property=\"og:type\" content=\"article\" \/>\n<meta property=\"og:title\" content=\"Wissenswertes \u00fcber den Naturstoff Kalk \u2013 RCT Magazin\" \/>\n<meta property=\"og:description\" content=\"Der Natur- und Baustoff Kalk: Eine \u00dcbersicht\u00a0\u2192\u00a0\u2705\u00a0Entstehung, Verwendung und\u00a0Verarbeitung\u00a0\u2705\u00a0H\u00e4rtegrad des Wassers\u00a0\u2705\u00a0Kohlenstoffkreislauf\" \/>\n<meta property=\"og:url\" content=\"https:\/\/www.rct-online.de\/magazin\/kalk-naturstoff\/\" \/>\n<meta property=\"og:site_name\" content=\"Reichelt Chemietechnik Magazin\" \/>\n<meta property=\"article:published_time\" content=\"2020-12-16T15:34:43+00:00\" \/>\n<meta property=\"article:modified_time\" content=\"2025-04-07T07:51:49+00:00\" \/>\n<meta property=\"og:image\" content=\"https:\/\/www.rct-online.de\/magazin\/wp-content\/uploads\/2020\/12\/Wissenswertes-ueber-den-Naturstoff-Kalk.jpg\" \/>\n\t<meta property=\"og:image:width\" content=\"800\" \/>\n\t<meta property=\"og:image:height\" content=\"533\" \/>\n\t<meta property=\"og:image:type\" content=\"image\/jpeg\" \/>\n<meta name=\"author\" content=\"Sven Weber\" \/>\n<meta name=\"twitter:card\" content=\"summary_large_image\" \/>\n<meta name=\"twitter:label1\" content=\"Verfasst von\" \/>\n\t<meta name=\"twitter:data1\" content=\"Sven Weber\" \/>\n\t<meta name=\"twitter:label2\" content=\"Gesch\u00e4tzte Lesezeit\" \/>\n\t<meta name=\"twitter:data2\" content=\"9\u00a0Minuten\" \/>\n<script type=\"application\/ld+json\" class=\"yoast-schema-graph\">{\"@context\":\"https:\/\/schema.org\",\"@graph\":[{\"@type\":\"WebPage\",\"@id\":\"https:\/\/www.rct-online.de\/magazin\/kalk-naturstoff\/\",\"url\":\"https:\/\/www.rct-online.de\/magazin\/kalk-naturstoff\/\",\"name\":\"Wissenswertes \u00fcber den Naturstoff Kalk \u2013 RCT Magazin\",\"isPartOf\":{\"@id\":\"https:\/\/www.rct-online.de\/magazin\/#website\"},\"primaryImageOfPage\":{\"@id\":\"https:\/\/www.rct-online.de\/magazin\/kalk-naturstoff\/#primaryimage\"},\"image\":{\"@id\":\"https:\/\/www.rct-online.de\/magazin\/kalk-naturstoff\/#primaryimage\"},\"thumbnailUrl\":\"https:\/\/www.rct-online.de\/magazin\/wp-content\/uploads\/2020\/12\/Wissenswertes-ueber-den-Naturstoff-Kalk.jpg\",\"datePublished\":\"2020-12-16T15:34:43+00:00\",\"dateModified\":\"2025-04-07T07:51:49+00:00\",\"author\":{\"@id\":\"https:\/\/www.rct-online.de\/magazin\/#\/schema\/person\/5436b1a88f13d88d14adce42e079dcd3\"},\"description\":\"Der Natur- und Baustoff Kalk: Eine \u00dcbersicht\u00a0\u2192\u00a0\u2705\u00a0Entstehung, Verwendung und\u00a0Verarbeitung\u00a0\u2705\u00a0H\u00e4rtegrad des Wassers\u00a0\u2705\u00a0Kohlenstoffkreislauf\",\"breadcrumb\":{\"@id\":\"https:\/\/www.rct-online.de\/magazin\/kalk-naturstoff\/#breadcrumb\"},\"inLanguage\":\"de\",\"potentialAction\":[{\"@type\":\"ReadAction\",\"target\":[\"https:\/\/www.rct-online.de\/magazin\/kalk-naturstoff\/\"]}]},{\"@type\":\"ImageObject\",\"inLanguage\":\"de\",\"@id\":\"https:\/\/www.rct-online.de\/magazin\/kalk-naturstoff\/#primaryimage\",\"url\":\"https:\/\/www.rct-online.de\/magazin\/wp-content\/uploads\/2020\/12\/Wissenswertes-ueber-den-Naturstoff-Kalk.jpg\",\"contentUrl\":\"https:\/\/www.rct-online.de\/magazin\/wp-content\/uploads\/2020\/12\/Wissenswertes-ueber-den-Naturstoff-Kalk.jpg\",\"width\":800,\"height\":533},{\"@type\":\"BreadcrumbList\",\"@id\":\"https:\/\/www.rct-online.de\/magazin\/kalk-naturstoff\/#breadcrumb\",\"itemListElement\":[{\"@type\":\"ListItem\",\"position\":1,\"name\":\"Startseite\",\"item\":\"https:\/\/www.rct-online.de\/magazin\/\"},{\"@type\":\"ListItem\",\"position\":2,\"name\":\"\u00dcberall und nirgends \u2013 Wissenswertes \u00fcber den Naturstoff Kalk\"}]},{\"@type\":\"WebSite\",\"@id\":\"https:\/\/www.rct-online.de\/magazin\/#website\",\"url\":\"https:\/\/www.rct-online.de\/magazin\/\",\"name\":\"Reichelt Chemietechnik Magazin\",\"description\":\"\",\"potentialAction\":[{\"@type\":\"SearchAction\",\"target\":{\"@type\":\"EntryPoint\",\"urlTemplate\":\"https:\/\/www.rct-online.de\/magazin\/?s={search_term_string}\"},\"query-input\":\"required name=search_term_string\"}],\"inLanguage\":\"de\"},{\"@type\":\"Person\",\"@id\":\"https:\/\/www.rct-online.de\/magazin\/#\/schema\/person\/5436b1a88f13d88d14adce42e079dcd3\",\"name\":\"Sven Weber\",\"image\":{\"@type\":\"ImageObject\",\"inLanguage\":\"de\",\"@id\":\"https:\/\/www.rct-online.de\/magazin\/#\/schema\/person\/image\/\",\"url\":\"https:\/\/www.rct-online.de\/magazin\/wp-content\/uploads\/2024\/07\/Sven_Weber.jpg\",\"contentUrl\":\"https:\/\/www.rct-online.de\/magazin\/wp-content\/uploads\/2024\/07\/Sven_Weber.jpg\",\"caption\":\"Sven Weber\"},\"description\":\"Durch und durch Naturwissenschaftler und Musiker: Schon in der Schule waren Sven Weber die naturwissenschaftlichen F\u00e4cher die liebsten, sodass ein Chemie-Studium die einzig logische Konsequenz war. Die Begeisterung f\u00fcr diesen Fachbereich f\u00fchrte letztlich zu einem 2. Staatsexamen als Gymnasiallehrer mit den F\u00e4chern Chemie und Mathematik. Als privater Ausgleich stand und steht die Musik: Das Spielen auf verschiedenen Instrumenten in diversen musikalischen Vereinigungen. Der Ton macht die Musik \u2013 ein f\u00fcr viele Lebensbereiche geltendes Credo! Dann stimmt auch die Chemie!\",\"url\":\"https:\/\/www.rct-online.de\/magazin\/author\/s-weber\/\"}]}<\/script>\n<!-- \/ Yoast SEO plugin. -->","yoast_head_json":{"title":"Wissenswertes \u00fcber den Naturstoff Kalk \u2013 RCT Magazin","description":"Der Natur- und Baustoff Kalk: Eine \u00dcbersicht\u00a0\u2192\u00a0\u2705\u00a0Entstehung, Verwendung und\u00a0Verarbeitung\u00a0\u2705\u00a0H\u00e4rtegrad des Wassers\u00a0\u2705\u00a0Kohlenstoffkreislauf","robots":{"index":"index","follow":"follow","max-snippet":"max-snippet:-1","max-image-preview":"max-image-preview:large","max-video-preview":"max-video-preview:-1"},"canonical":"https:\/\/www.rct-online.de\/magazin\/kalk-naturstoff\/","og_locale":"de_DE","og_type":"article","og_title":"Wissenswertes \u00fcber den Naturstoff Kalk \u2013 RCT Magazin","og_description":"Der Natur- und Baustoff Kalk: Eine \u00dcbersicht\u00a0\u2192\u00a0\u2705\u00a0Entstehung, Verwendung und\u00a0Verarbeitung\u00a0\u2705\u00a0H\u00e4rtegrad des Wassers\u00a0\u2705\u00a0Kohlenstoffkreislauf","og_url":"https:\/\/www.rct-online.de\/magazin\/kalk-naturstoff\/","og_site_name":"Reichelt Chemietechnik Magazin","article_published_time":"2020-12-16T15:34:43+00:00","article_modified_time":"2025-04-07T07:51:49+00:00","og_image":[{"width":800,"height":533,"url":"https:\/\/www.rct-online.de\/magazin\/wp-content\/uploads\/2020\/12\/Wissenswertes-ueber-den-Naturstoff-Kalk.jpg","type":"image\/jpeg"}],"author":"Sven Weber","twitter_card":"summary_large_image","twitter_misc":{"Verfasst von":"Sven Weber","Gesch\u00e4tzte Lesezeit":"9\u00a0Minuten"},"schema":{"@context":"https:\/\/schema.org","@graph":[{"@type":"WebPage","@id":"https:\/\/www.rct-online.de\/magazin\/kalk-naturstoff\/","url":"https:\/\/www.rct-online.de\/magazin\/kalk-naturstoff\/","name":"Wissenswertes \u00fcber den Naturstoff Kalk \u2013 RCT Magazin","isPartOf":{"@id":"https:\/\/www.rct-online.de\/magazin\/#website"},"primaryImageOfPage":{"@id":"https:\/\/www.rct-online.de\/magazin\/kalk-naturstoff\/#primaryimage"},"image":{"@id":"https:\/\/www.rct-online.de\/magazin\/kalk-naturstoff\/#primaryimage"},"thumbnailUrl":"https:\/\/www.rct-online.de\/magazin\/wp-content\/uploads\/2020\/12\/Wissenswertes-ueber-den-Naturstoff-Kalk.jpg","datePublished":"2020-12-16T15:34:43+00:00","dateModified":"2025-04-07T07:51:49+00:00","author":{"@id":"https:\/\/www.rct-online.de\/magazin\/#\/schema\/person\/5436b1a88f13d88d14adce42e079dcd3"},"description":"Der Natur- und Baustoff Kalk: Eine \u00dcbersicht\u00a0\u2192\u00a0\u2705\u00a0Entstehung, Verwendung und\u00a0Verarbeitung\u00a0\u2705\u00a0H\u00e4rtegrad des Wassers\u00a0\u2705\u00a0Kohlenstoffkreislauf","breadcrumb":{"@id":"https:\/\/www.rct-online.de\/magazin\/kalk-naturstoff\/#breadcrumb"},"inLanguage":"de","potentialAction":[{"@type":"ReadAction","target":["https:\/\/www.rct-online.de\/magazin\/kalk-naturstoff\/"]}]},{"@type":"ImageObject","inLanguage":"de","@id":"https:\/\/www.rct-online.de\/magazin\/kalk-naturstoff\/#primaryimage","url":"https:\/\/www.rct-online.de\/magazin\/wp-content\/uploads\/2020\/12\/Wissenswertes-ueber-den-Naturstoff-Kalk.jpg","contentUrl":"https:\/\/www.rct-online.de\/magazin\/wp-content\/uploads\/2020\/12\/Wissenswertes-ueber-den-Naturstoff-Kalk.jpg","width":800,"height":533},{"@type":"BreadcrumbList","@id":"https:\/\/www.rct-online.de\/magazin\/kalk-naturstoff\/#breadcrumb","itemListElement":[{"@type":"ListItem","position":1,"name":"Startseite","item":"https:\/\/www.rct-online.de\/magazin\/"},{"@type":"ListItem","position":2,"name":"\u00dcberall und nirgends \u2013 Wissenswertes \u00fcber den Naturstoff Kalk"}]},{"@type":"WebSite","@id":"https:\/\/www.rct-online.de\/magazin\/#website","url":"https:\/\/www.rct-online.de\/magazin\/","name":"Reichelt Chemietechnik Magazin","description":"","potentialAction":[{"@type":"SearchAction","target":{"@type":"EntryPoint","urlTemplate":"https:\/\/www.rct-online.de\/magazin\/?s={search_term_string}"},"query-input":"required name=search_term_string"}],"inLanguage":"de"},{"@type":"Person","@id":"https:\/\/www.rct-online.de\/magazin\/#\/schema\/person\/5436b1a88f13d88d14adce42e079dcd3","name":"Sven Weber","image":{"@type":"ImageObject","inLanguage":"de","@id":"https:\/\/www.rct-online.de\/magazin\/#\/schema\/person\/image\/","url":"https:\/\/www.rct-online.de\/magazin\/wp-content\/uploads\/2024\/07\/Sven_Weber.jpg","contentUrl":"https:\/\/www.rct-online.de\/magazin\/wp-content\/uploads\/2024\/07\/Sven_Weber.jpg","caption":"Sven Weber"},"description":"Durch und durch Naturwissenschaftler und Musiker: Schon in der Schule waren Sven Weber die naturwissenschaftlichen F\u00e4cher die liebsten, sodass ein Chemie-Studium die einzig logische Konsequenz war. Die Begeisterung f\u00fcr diesen Fachbereich f\u00fchrte letztlich zu einem 2. Staatsexamen als Gymnasiallehrer mit den F\u00e4chern Chemie und Mathematik. Als privater Ausgleich stand und steht die Musik: Das Spielen auf verschiedenen Instrumenten in diversen musikalischen Vereinigungen. Der Ton macht die Musik \u2013 ein f\u00fcr viele Lebensbereiche geltendes Credo! Dann stimmt auch die Chemie!","url":"https:\/\/www.rct-online.de\/magazin\/author\/s-weber\/"}]}},"_links":{"self":[{"href":"https:\/\/www.rct-online.de\/magazin\/wp-json\/wp\/v2\/posts\/5845"}],"collection":[{"href":"https:\/\/www.rct-online.de\/magazin\/wp-json\/wp\/v2\/posts"}],"about":[{"href":"https:\/\/www.rct-online.de\/magazin\/wp-json\/wp\/v2\/types\/post"}],"author":[{"embeddable":true,"href":"https:\/\/www.rct-online.de\/magazin\/wp-json\/wp\/v2\/users\/15"}],"replies":[{"embeddable":true,"href":"https:\/\/www.rct-online.de\/magazin\/wp-json\/wp\/v2\/comments?post=5845"}],"version-history":[{"count":59,"href":"https:\/\/www.rct-online.de\/magazin\/wp-json\/wp\/v2\/posts\/5845\/revisions"}],"predecessor-version":[{"id":9910,"href":"https:\/\/www.rct-online.de\/magazin\/wp-json\/wp\/v2\/posts\/5845\/revisions\/9910"}],"wp:featuredmedia":[{"embeddable":true,"href":"https:\/\/www.rct-online.de\/magazin\/wp-json\/wp\/v2\/media\/5867"}],"wp:attachment":[{"href":"https:\/\/www.rct-online.de\/magazin\/wp-json\/wp\/v2\/media?parent=5845"}],"wp:term":[{"taxonomy":"category","embeddable":true,"href":"https:\/\/www.rct-online.de\/magazin\/wp-json\/wp\/v2\/categories?post=5845"},{"taxonomy":"post_tag","embeddable":true,"href":"https:\/\/www.rct-online.de\/magazin\/wp-json\/wp\/v2\/tags?post=5845"}],"curies":[{"name":"wp","href":"https:\/\/api.w.org\/{rel}","templated":true}]}}