{"id":5138,"date":"2020-06-26T08:00:24","date_gmt":"2020-06-26T06:00:24","guid":{"rendered":"https:\/\/www.rct-online.de\/magazin\/?p=5138"},"modified":"2025-04-07T09:54:53","modified_gmt":"2025-04-07T07:54:53","slug":"vitamin-d-und-das-corona-virus","status":"publish","type":"post","link":"https:\/\/www.rct-online.de\/magazin\/vitamin-d-und-das-corona-virus\/","title":{"rendered":"Vitamin D und das Corona-Virus"},"content":{"rendered":"<div id=\"ez-toc-container\" class=\"ez-toc-v2_0_73 ez-toc-wrap-center counter-hierarchy ez-toc-counter ez-toc-white ez-toc-container-direction\">\n<div class=\"ez-toc-title-container\">\n<p class=\"ez-toc-title\" style=\"cursor:inherit\">Inhaltsverzeichnis<\/p>\n<span class=\"ez-toc-title-toggle\"><a href=\"#\" class=\"ez-toc-pull-right ez-toc-btn ez-toc-btn-xs ez-toc-btn-default ez-toc-toggle\" aria-label=\"Toggle Table of Content\"><span class=\"ez-toc-js-icon-con\"><span class=\"\"><span class=\"eztoc-hide\" style=\"display:none;\">Toggle<\/span><span class=\"ez-toc-icon-toggle-span\"><svg style=\"fill: #999;color:#999\" xmlns=\"http:\/\/www.w3.org\/2000\/svg\" class=\"list-377408\" width=\"20px\" height=\"20px\" viewBox=\"0 0 24 24\" fill=\"none\"><path d=\"M6 6H4v2h2V6zm14 0H8v2h12V6zM4 11h2v2H4v-2zm16 0H8v2h12v-2zM4 16h2v2H4v-2zm16 0H8v2h12v-2z\" fill=\"currentColor\"><\/path><\/svg><svg style=\"fill: #999;color:#999\" class=\"arrow-unsorted-368013\" xmlns=\"http:\/\/www.w3.org\/2000\/svg\" width=\"10px\" height=\"10px\" viewBox=\"0 0 24 24\" version=\"1.2\" baseProfile=\"tiny\"><path d=\"M18.2 9.3l-6.2-6.3-6.2 6.3c-.2.2-.3.4-.3.7s.1.5.3.7c.2.2.4.3.7.3h11c.3 0 .5-.1.7-.3.2-.2.3-.5.3-.7s-.1-.5-.3-.7zM5.8 14.7l6.2 6.3 6.2-6.3c.2-.2.3-.5.3-.7s-.1-.5-.3-.7c-.2-.2-.4-.3-.7-.3h-11c-.3 0-.5.1-.7.3-.2.2-.3.5-.3.7s.1.5.3.7z\"\/><\/svg><\/span><\/span><\/span><\/a><\/span><\/div>\n<nav><ul class='ez-toc-list ez-toc-list-level-1 ' ><li class='ez-toc-page-1 ez-toc-heading-level-2'><a class=\"ez-toc-link ez-toc-heading-1\" href=\"https:\/\/www.rct-online.de\/magazin\/vitamin-d-und-das-corona-virus\/#%C2%AB_Aus_gegebenem_Anlass_Kann_Vitamin_D_das_Risiko_einer_Corona-Infektion_mindern_%C2%BB\" title=\"\u00ab Aus gegebenem Anlass: Kann Vitamin D das Risiko einer Corona-Infektion mindern? \u00bb\">\u00ab Aus gegebenem Anlass: Kann Vitamin D das Risiko einer Corona-Infektion mindern? \u00bb<\/a><\/li><li class='ez-toc-page-1 ez-toc-heading-level-2'><a class=\"ez-toc-link ez-toc-heading-2\" href=\"https:\/\/www.rct-online.de\/magazin\/vitamin-d-und-das-corona-virus\/#Vitamine_sind_lebensnotwendig\" title=\"Vitamine sind lebensnotwendig\">Vitamine sind lebensnotwendig<\/a><\/li><li class='ez-toc-page-1 ez-toc-heading-level-2'><a class=\"ez-toc-link ez-toc-heading-3\" href=\"https:\/\/www.rct-online.de\/magazin\/vitamin-d-und-das-corona-virus\/#Die_Corona-Pandemie\" title=\"Die Corona-Pandemie\">Die Corona-Pandemie<\/a><\/li><li class='ez-toc-page-1 ez-toc-heading-level-2'><a class=\"ez-toc-link ez-toc-heading-4\" href=\"https:\/\/www.rct-online.de\/magazin\/vitamin-d-und-das-corona-virus\/#Wie_wirkt_Vitamin_D_im_Abwehrsystem_des_Koerpers\" title=\"Wie wirkt Vitamin D im Abwehrsystem des K\u00f6rpers?\">Wie wirkt Vitamin D im Abwehrsystem des K\u00f6rpers?<\/a><\/li><li class='ez-toc-page-1 ez-toc-heading-level-2'><a class=\"ez-toc-link ez-toc-heading-5\" href=\"https:\/\/www.rct-online.de\/magazin\/vitamin-d-und-das-corona-virus\/#Wie_wirkt_sich_ein_zu_niedriger_Vitamin_D-Spiegel_im_Koerper_auf_die_Infektionsanfaelligkeit_der_Atemwege_aus\" title=\"Wie wirkt sich ein zu niedriger Vitamin D-Spiegel im K\u00f6rper auf die Infektionsanf\u00e4lligkeit der Atemwege aus?\">Wie wirkt sich ein zu niedriger Vitamin D-Spiegel im K\u00f6rper auf die Infektionsanf\u00e4lligkeit der Atemwege aus?<\/a><\/li><li class='ez-toc-page-1 ez-toc-heading-level-2'><a class=\"ez-toc-link ez-toc-heading-6\" href=\"https:\/\/www.rct-online.de\/magazin\/vitamin-d-und-das-corona-virus\/#Segen_und_Fluch_liegen_dicht_beieinander\" title=\"Segen und Fluch liegen dicht beieinander\">Segen und Fluch liegen dicht beieinander<\/a><\/li><\/ul><\/nav><\/div>\n<h2><span class=\"ez-toc-section\" id=\"%C2%AB_Aus_gegebenem_Anlass_Kann_Vitamin_D_das_Risiko_einer_Corona-Infektion_mindern_%C2%BB\"><\/span>\u00ab Aus gegebenem Anlass: Kann Vitamin D das Risiko einer Corona-Infektion mindern? \u00bb<span class=\"ez-toc-section-end\"><\/span><\/h2>\n<p style=\"text-align: justify;\"><strong>Vitamin D ist eine fettl\u00f6sliche Vitaminart, die f\u00fcr ihre Rolle bei der Regulierung des Kalzium- und Phosphor-Serumspiegels im Blut und damit der Knochenmineralisierung und dem Knochenaufbau bekannt ist <sup>[1]<\/sup>. Vitamin D wird sowohl mit der Nahrung aufgenommen als auch durch Sonneneinstrahlung im K\u00f6rper selbst produziert. Ein Vitamin-D-Mangel bewirkt bei Kindern Rachitis und bei Erwachsenen Osteomalazie, eine schmerzhafte Knochenerweichung. Ob der Mangel auch zur Osteoporose f\u00fchren kann, der vor allem von \u00e4lteren Menschen gef\u00fcrchteten Abnahme der Knochendichte, wird derzeit noch in medizinwissenschaftlichen Studien gepr\u00fcft <sup>[6]<\/sup>.<\/strong><\/p>\n<p style=\"text-align: justify;\"><strong>Gesichert ist hingegen, dass ein niedriger Vitamin-D-Spiegel im Blut ein h\u00f6heres Risiko zur Folge hat, an einer Infektion der Atemwege zu erkranken, wie zum Beispiel an einer Lungenentz\u00fcndung oder an der Influenza <sup>[4], [10]<\/sup>. Vermutet wird nun auch, dass Vitamin D den Schweregrad der Symptome bei COVID-19 verringern kann, da es entz\u00fcndungshemmend wirkt <sup>[2], [3]<\/sup>. Zus\u00e4tzliche Gaben w\u00fcrden demzufolge die Behandlung von COVID-19-erkrankten Menschen wirksam unterst\u00fctzen <sup>[2]<\/sup>. F\u00fcr Gesunde k\u00f6nnte die zus\u00e4tzliche Aufnahme von Vitamin D \u00fcber Nahrungserg\u00e4nzungsmittel dann auch bedeuten, vor dem Coronavirus SARS-CoV-2 besser gesch\u00fctzt zu sein. Aber stimmt das?<\/strong><\/p>\n<h2><span class=\"ez-toc-section\" id=\"Vitamine_sind_lebensnotwendig\"><\/span>Vitamine sind lebensnotwendig<span class=\"ez-toc-section-end\"><\/span><\/h2>\n<p style=\"text-align: justify;\">Es gibt fettl\u00f6sliche und wasserl\u00f6sliche Vitaminarten. Zu den fettl\u00f6slichen Vitaminen geh\u00f6ren Vitamin A, D, E und K, zu den wasserl\u00f6slichen Vitaminarten z\u00e4hlen die Vitaminart C und die Gruppe der B-Vitamine. Bei zu geringer Zufuhr von Vitaminen treten Vitaminmangelerscheinungen auf, die der Arzt als Hypovitaminose bezeichnet. Das Gegenteil, der Vitamin\u00fcberschuss im K\u00f6rper, nennt sich Hypervitaminose <sup>[7]<\/sup>. Aber woher bekommen wir alle diese lebenswichtigen Vitamine? Die Deckung des Bedarfs an essentiellen Vitaminen erfolgt fast ausschlie\u00dflich \u00fcber die Nahrung. Eine ausgewogene Ern\u00e4hrungsweise ist daf\u00fcr unabdingbar.<\/p>\n<figure id=\"attachment_5144\" aria-describedby=\"caption-attachment-5144\" style=\"width: 600px\" class=\"wp-caption aligncenter\"><img loading=\"lazy\" decoding=\"async\" class=\"wp-image-5144 size-full\" title=\"Maskenpflicht im Nahverkehr\" src=\"https:\/\/www.rct-online.de\/magazin\/wp-content\/uploads\/2020\/07\/flughafen-bahnhof-atemschutzmaske-reisen.jpg\" alt=\"flughafen-bahnhof-atemschutzmaske-reisen-corona-virus\" width=\"600\" height=\"400\" srcset=\"https:\/\/www.rct-online.de\/magazin\/wp-content\/uploads\/2020\/07\/flughafen-bahnhof-atemschutzmaske-reisen.jpg 600w, https:\/\/www.rct-online.de\/magazin\/wp-content\/uploads\/2020\/07\/flughafen-bahnhof-atemschutzmaske-reisen-300x200.jpg 300w\" sizes=\"(max-width: 600px) 100vw, 600px\" \/><figcaption id=\"caption-attachment-5144\" class=\"wp-caption-text\"><center>Maskenpflicht im Nahverkehr<\/center><\/figcaption><\/figure>\n<p style=\"text-align: justify;\">Die fettl\u00f6slichen Vitamingruppen werden in der Leber und im Fettgewebe gespeichert. Deshalb ist es nicht erforderlich, sie dem K\u00f6rper t\u00e4glich zuzuf\u00fchren. Vitamin D wird zudem durch den UV-B-Anteil des Sonnenlichtes unter der Haut gebildet. Deswegen ist der Aufenthalt im Freien und in der Sonne ein wichtiger Faktor f\u00fcr die ausreichende Vitamin-D-Versorgung des K\u00f6rpers <sup>[6], [7]<\/sup>. Anders verh\u00e4lt es sich bei den wasserl\u00f6slichen Vitamingruppen. Sie werden nicht im K\u00f6rper gespeichert, ausgenommen das Vitamin B12, das in der Leber eingelagert wird. Der Bedarf an wasserl\u00f6slichen Vitaminen muss demzufolge t\u00e4glich \u00fcber die Ern\u00e4hrung abgedeckt werden <sup>[8]<\/sup>.<\/p>\n<h2><span class=\"ez-toc-section\" id=\"Die_Corona-Pandemie\"><\/span>Die Corona-Pandemie<span class=\"ez-toc-section-end\"><\/span><\/h2>\n<p style=\"text-align: justify;\">Ende des Jahres 2019 tauchte in mehreren Krankenh\u00e4usern der s\u00fcdchinesischen Provinzhauptstadt Wuhan, einer Acht-Millionen-Metropole, die bis dahin unbekannte und als COVID-19 bezeichnete Atemwegserkrankung auf. Die Infektion trat durch eine au\u00dfergew\u00f6hnliche klinische Symptomatik in Erscheinung, um schlie\u00dflich durch Blutanalysen und Brustk\u00f6rper-R\u00f6ntgenaufnahmen als eine durch das Corona-Virus SARS-CoV-2 induzierte, neuartige Form der Lungenentz\u00fcndung oder Pneumonie diagnostiziert zu werden.<\/p>\n<figure id=\"attachment_5157\" aria-describedby=\"caption-attachment-5157\" style=\"width: 500px\" class=\"wp-caption aligncenter\"><a href=\"https:\/\/www.rct-online.de\/de\/laborbedarf\/sichern-und-verpacken\/laborzubehoer\/hygiene-tueroeffner\"><img loading=\"lazy\" decoding=\"async\" class=\"wp-image-5157 size-full\" title=\"Hygiene-T\u00fcr\u00f6ffner | erlaubt das \u00d6ffnen und Schlie\u00dfen von T\u00fcren mit dem Unterarm\" src=\"https:\/\/www.rct-online.de\/magazin\/wp-content\/uploads\/2020\/07\/hygiene-tueroeffner.jpg\" alt=\"hygiene-tueroeffner\" width=\"500\" height=\"500\" srcset=\"https:\/\/www.rct-online.de\/magazin\/wp-content\/uploads\/2020\/07\/hygiene-tueroeffner.jpg 500w, https:\/\/www.rct-online.de\/magazin\/wp-content\/uploads\/2020\/07\/hygiene-tueroeffner-300x300.jpg 300w, https:\/\/www.rct-online.de\/magazin\/wp-content\/uploads\/2020\/07\/hygiene-tueroeffner-150x150.jpg 150w\" sizes=\"(max-width: 500px) 100vw, 500px\" \/><\/a><figcaption id=\"caption-attachment-5157\" class=\"wp-caption-text\">Produktneuheit aus gegebenem Anlass: Sch\u00fctzen Sie sich mit dem <a href=\"https:\/\/www.rct-online.de\/de\/laborbedarf\/sichern-und-verpacken\/laborzubehoer\/hygiene-tueroeffner\">Hygiene-T\u00fcrgriff<\/a> von RCT vor Corona-Viren, Bakterien und anderen Mikroorganismen<\/figcaption><\/figure>\n<p style=\"text-align: justify;\">Das hochinfekti\u00f6se Corona-Virus wird \u00fcber die feuchte Atemluft von Mensch zu Mensch \u00fcbertragen und hat sich innerhalb von weniger als drei Monaten zu einer Pandemie entwickelt. Die weltweiten Infektionen belaufen sich inzwischen auf \u00fcber f\u00fcnf Millionen und mehrere hunderttausend Menschen sind bisher an oder mit der Corona-Krankheit verstorben <sup>[12]<\/sup>.<\/p>\n<figure id=\"attachment_5146\" aria-describedby=\"caption-attachment-5146\" style=\"width: 600px\" class=\"wp-caption aligncenter\"><img loading=\"lazy\" decoding=\"async\" class=\"wp-image-5146 size-full\" title=\"Menschen, die mit Sicherheitsabstand vor einem Supermarkt in Italien Schlange stehen (M\u00e4rz 2020)\" src=\"https:\/\/www.rct-online.de\/magazin\/wp-content\/uploads\/2020\/07\/menschen-sicherheitsabstand-supermarkt-schlange.jpg\" alt=\"menschen-sicherheitsabstand-supermarkt-schlange-corona-virus\" width=\"600\" height=\"400\" srcset=\"https:\/\/www.rct-online.de\/magazin\/wp-content\/uploads\/2020\/07\/menschen-sicherheitsabstand-supermarkt-schlange.jpg 600w, https:\/\/www.rct-online.de\/magazin\/wp-content\/uploads\/2020\/07\/menschen-sicherheitsabstand-supermarkt-schlange-300x200.jpg 300w\" sizes=\"(max-width: 600px) 100vw, 600px\" \/><figcaption id=\"caption-attachment-5146\" class=\"wp-caption-text\">Menschen, die mit Sicherheitsabstand vor einem Supermarkt in Italien Schlange stehen (M\u00e4rz 2020)<\/figcaption><\/figure>\n<p style=\"text-align: justify;\">Als es noch keine Impfung gegen das Corona-Virus gab, waren das bewusste Abstandhalten zu anderen Personen, die Beschr\u00e4nkung der sozialen Kontakte, im schlimmsten Fall sogar eine Quarant\u00e4ne, das Tragen von Mund-Nasen-Masken und die strikte Einhaltung von Hygiene-Ma\u00dfnahmen, wie etwa das h\u00e4ufige H\u00e4ndewaschen, die einzigen M\u00f6glichkeiten, sich und andere vor einer <a href=\"https:\/\/www.rct-online.de\/de\/laborbedarf\/laborbedarf-nach-einsatzbereichen\/schutz-vor-corona-infektion\">Corona-Infektion<\/a> zu sch\u00fctzen.<\/p>\n<h2><span class=\"ez-toc-section\" id=\"Wie_wirkt_Vitamin_D_im_Abwehrsystem_des_Koerpers\"><\/span>Wie wirkt Vitamin D im Abwehrsystem des K\u00f6rpers?<span class=\"ez-toc-section-end\"><\/span><\/h2>\n<p style=\"text-align: justify;\">Vitamin D weist nicht nur entz\u00fcndungshemmende, sondern auch immunregulatorische Eigenschaften auf <sup>[2], [10]<\/sup>. Es spielt daher bei einer korrekten Funktion des Abwehrsystems, des Immunsystems des K\u00f6rpers gegen\u00fcber Ansteckung und Krankheit, eine gewichtige Rolle <sup>[11]<\/sup>.<\/p>\n<p><center><a href=\"https:\/\/www.rct-online.de\/de\/laborbedarf\/laborbehaelter\/flaschen-ballons-und-zubehoer\/spritzflasche-aus-ldpe-farbig\"><img loading=\"lazy\" decoding=\"async\" class=\"alignnone wp-image-5188 size-full\" title=\"Spritzflasche aus LDPE - farbig | vier leuchtende Farben | dichtes Verschluss-System\" src=\"https:\/\/www.rct-online.de\/magazin\/wp-content\/uploads\/2020\/07\/spritzflasche-aus-ldpe-farbig.jpg\" alt=\"spritzflasche-aus-ldpe-farbig\" width=\"300\" height=\"300\" srcset=\"https:\/\/www.rct-online.de\/magazin\/wp-content\/uploads\/2020\/07\/spritzflasche-aus-ldpe-farbig.jpg 300w, https:\/\/www.rct-online.de\/magazin\/wp-content\/uploads\/2020\/07\/spritzflasche-aus-ldpe-farbig-150x150.jpg 150w\" sizes=\"(max-width: 300px) 100vw, 300px\" \/><\/a> <a href=\"https:\/\/www.rct-online.de\/de\/laborbedarf\/laborbehaelter\/flaschen-ballons-und-zubehoer\/weithals-steilbrustflasche-aus-pp-mit-schraubverschluss\"><img loading=\"lazy\" decoding=\"async\" class=\"alignnone wp-image-5189 size-full\" title=\"Weithals-Steilbrustflasche aus PP - mit Schraubverschluss | transparent\" src=\"https:\/\/www.rct-online.de\/magazin\/wp-content\/uploads\/2020\/07\/weithals-steilbrustflasche-aus-pp-mit-schraubverschluss.jpg\" alt=\"weithals-steilbrustflasche-aus-pp-mit-schraubverschluss\" width=\"300\" height=\"300\" srcset=\"https:\/\/www.rct-online.de\/magazin\/wp-content\/uploads\/2020\/07\/weithals-steilbrustflasche-aus-pp-mit-schraubverschluss.jpg 300w, https:\/\/www.rct-online.de\/magazin\/wp-content\/uploads\/2020\/07\/weithals-steilbrustflasche-aus-pp-mit-schraubverschluss-150x150.jpg 150w\" sizes=\"(max-width: 300px) 100vw, 300px\" \/><\/a><\/center>&nbsp;<\/p>\n<p style=\"text-align: justify;\">W\u00e4hrend Vitamin D die angeborene Immunantwort f\u00f6rdert, hemmt es anderseits die erworbene Immunantwort. Die Vitaminart f\u00fchrt bei der angeborenen Immunantwort zu einer verst\u00e4rkten Differenzierung der Monozyten und einer gesteigerten phagozytierender Aktivit\u00e4t der Makrophagen. Bei der erworbenen Immunantwort hemmt es die Vermehrung der Lymphozyten <sup>[5]<\/sup>.<\/p>\n<p><center><a href=\"https:\/\/www.rct-online.de\/de\/laborbedarf\/laborbehaelter\/messbecher-und-messkolben\/erlenmeyer-kolben-aus-pc\"><img loading=\"lazy\" decoding=\"async\" class=\"alignnone wp-image-5183 size-full\" title=\"Erlenmeyer-Kolben aus PC | glasklar (transparent) in besonders starker Ausf\u00fchrung\" src=\"https:\/\/www.rct-online.de\/magazin\/wp-content\/uploads\/2020\/07\/erlenmeyer-kolben-aus-pc.jpg\" alt=\"erlenmeyer-kolben-aus-pc\" width=\"300\" height=\"300\" srcset=\"https:\/\/www.rct-online.de\/magazin\/wp-content\/uploads\/2020\/07\/erlenmeyer-kolben-aus-pc.jpg 300w, https:\/\/www.rct-online.de\/magazin\/wp-content\/uploads\/2020\/07\/erlenmeyer-kolben-aus-pc-150x150.jpg 150w\" sizes=\"(max-width: 300px) 100vw, 300px\" \/><\/a> <a href=\"https:\/\/www.rct-online.de\/de\/laborbedarf\/laborbehaelter\/messbecher-und-messkolben\/henkelbecher-aus-san-transparent\"><img loading=\"lazy\" decoding=\"async\" class=\"alignnone wp-image-5184 size-full\" title=\"Henkelbecher aus SAN - transparent | glasklarer, hoher Messbecher\" src=\"https:\/\/www.rct-online.de\/magazin\/wp-content\/uploads\/2020\/07\/henkelbecher-aus-san-transparent.jpg\" alt=\"henkelbecher-aus-san-transparent\" width=\"300\" height=\"300\" srcset=\"https:\/\/www.rct-online.de\/magazin\/wp-content\/uploads\/2020\/07\/henkelbecher-aus-san-transparent.jpg 300w, https:\/\/www.rct-online.de\/magazin\/wp-content\/uploads\/2020\/07\/henkelbecher-aus-san-transparent-150x150.jpg 150w\" sizes=\"(max-width: 300px) 100vw, 300px\" \/><\/a><\/center><\/p>\n<p style=\"text-align: justify;\">Die Vitaminart D kann so den Schweregrad der Symptome von Patienten bei COVID-19 vermindern, da es die Aussch\u00fcttung von Cathelicidin und Defensin induziert <sup>[2], [3]<\/sup>. Beide sind antimikrobielle Peptide, die als Teil der angeborenen Immunantwort in Immunzellen von Wirbeltieren produziert werden. Sie k\u00f6nnen die Vermehrung von Viren senken und die Konzentration von entz\u00fcndungsf\u00f6rdernden Zytokinen reduzieren. Letztere sind Botenstoffe, die auch Entz\u00fcndungen der Schleimhaut der Lunge verursachen und zur Lungenentz\u00fcndung, der Pneumonie, f\u00fchren k\u00f6nnen.<\/p>\n<h2><span class=\"ez-toc-section\" id=\"Wie_wirkt_sich_ein_zu_niedriger_Vitamin_D-Spiegel_im_Koerper_auf_die_Infektionsanfaelligkeit_der_Atemwege_aus\"><\/span>Wie wirkt sich ein zu niedriger Vitamin D-Spiegel im K\u00f6rper auf die Infektionsanf\u00e4lligkeit der Atemwege aus?<span class=\"ez-toc-section-end\"><\/span><\/h2>\n<p style=\"text-align: justify;\">Das Risiko, an Infektionen des Atemtraktes und einer Entz\u00fcndung zu erkranken, erh\u00f6ht sich bei einem zu niedrigen Vitaminwert im Blut deutlich. Sowohl Krankheiten, wie Tuberkulose, Asthma oder die chronische obstruktive Lungenerkrankung (COPD), als auch virale oder bakterielle Infektionen der Atemwege treten bei Vitaminmangel h\u00e4ufiger auf als bei ausreichender Versorgung. Demzufolge kann ein signifikanter Vitaminmangel auch mit einer verringerten Lungenfunktion in Zusammenhang gebracht werden. Daraus l\u00e4sst sich ableiten, dass der K\u00f6rper dann auch weniger imstande ist, gegen Infektionen der Atemwege, wie eine COVID-19-Infektion, anzuk\u00e4mpfen <sup>[12]<\/sup>.<\/p>\n<figure id=\"attachment_5150\" aria-describedby=\"caption-attachment-5150\" style=\"width: 600px\" class=\"wp-caption aligncenter\"><img loading=\"lazy\" decoding=\"async\" class=\"wp-image-5150 size-full\" title=\"Das Lincoln-Theater in Worms am Rhein musste wegen der Corona-Pandemie seinen Betrieb vor\u00fcbergehend einstellen\" src=\"https:\/\/www.rct-online.de\/magazin\/wp-content\/uploads\/2020\/07\/lincoln-theater-worms.jpg\" alt=\"lincoln-theater-worms-corona-virus\" width=\"600\" height=\"456\" srcset=\"https:\/\/www.rct-online.de\/magazin\/wp-content\/uploads\/2020\/07\/lincoln-theater-worms.jpg 600w, https:\/\/www.rct-online.de\/magazin\/wp-content\/uploads\/2020\/07\/lincoln-theater-worms-300x228.jpg 300w\" sizes=\"(max-width: 600px) 100vw, 600px\" \/><figcaption id=\"caption-attachment-5150\" class=\"wp-caption-text\">Das Lincoln-Theater in Worms am Rhein musste wegen der Corona-Pandemie seinen Betrieb vor\u00fcbergehend einstellen<\/figcaption><\/figure>\n<p style=\"text-align: justify;\">Das Abwehrsystem des K\u00f6rpers, sein Immunsystem, wird zweifelsfrei durch die Vitaminart D beeinflusst. Der immuno-regulatorische Effekt dieser Vitaminart tr\u00e4gt mit dazu bei, dass bei Infektionen die angeborene Immunantwort verst\u00e4rkt wird, w\u00e4hrend die erworbene Immunantwort gehemmt wird. Vitamin D sollte auch deshalb den Schweregrad der Symptome bei einer COVID-19-Erkrankung mindern k\u00f6nnen, da es entz\u00fcndungshemmende Effekte aufweist. Eine Schlussfolgerung daraus w\u00e4re, vor allem jetzt in der Corona-Krise f\u00fcr eine m\u00f6glichst hohe Zufuhr zu sorgen &#8211; je mehr, umso besser. Doch hier ist Vorsicht geboten!<\/p>\n<h2><span class=\"ez-toc-section\" id=\"Segen_und_Fluch_liegen_dicht_beieinander\"><\/span>Segen und Fluch liegen dicht beieinander<span class=\"ez-toc-section-end\"><\/span><\/h2>\n<p style=\"text-align: justify;\">Unter normalen Lebensumst\u00e4nden, bei gesunder Ern\u00e4hrung und Lebensf\u00fchrung, ist eine Unterversorgung kaum zu bef\u00fcrchten. Die Vitaminart D ist in Nahrungsmitteln, wie in Eiern, Fisch, in Vollmilch und Vollmilchprodukten sowie auch in Pilzen, wie Champignons, reichlich vorhanden <sup>[6]<\/sup>.<\/p>\n<p><center><a href=\"https:\/\/www.rct-online.de\/de\/laborbedarf\/laborbehaelter\/roehrchen-dosen-und-boxen\/probenroehrchen-aus-pfa\"><img loading=\"lazy\" decoding=\"async\" class=\"alignnone wp-image-5161 size-full\" title=\"Transparentes Probenr\u00f6hrchen aus PFA (Perfluoralkoxy) | mit Eichmarke | dichte Verschraubung\" src=\"https:\/\/www.rct-online.de\/magazin\/wp-content\/uploads\/2020\/07\/probenroehrchen-aus-pfa.jpg\" alt=\"probenroehrchen-aus-pfa\" width=\"300\" height=\"300\" srcset=\"https:\/\/www.rct-online.de\/magazin\/wp-content\/uploads\/2020\/07\/probenroehrchen-aus-pfa.jpg 300w, https:\/\/www.rct-online.de\/magazin\/wp-content\/uploads\/2020\/07\/probenroehrchen-aus-pfa-150x150.jpg 150w\" sizes=\"(max-width: 300px) 100vw, 300px\" \/><\/a> <img loading=\"lazy\" decoding=\"async\" class=\"alignnone wp-image-5177 size-full\" title=\"Chemikalien-Versch\u00fctt-Kit | zum Aufsaugen von versch\u00fctteten Chemikalien\" src=\"https:\/\/www.rct-online.de\/magazin\/wp-content\/uploads\/2020\/07\/chemikalien-verschuett-kit.jpg\" alt=\"chemikalien-verschuett-kit\" width=\"300\" height=\"300\" srcset=\"https:\/\/www.rct-online.de\/magazin\/wp-content\/uploads\/2020\/07\/chemikalien-verschuett-kit.jpg 300w, https:\/\/www.rct-online.de\/magazin\/wp-content\/uploads\/2020\/07\/chemikalien-verschuett-kit-150x150.jpg 150w\" sizes=\"(max-width: 300px) 100vw, 300px\" \/><\/center><\/p>\n<p style=\"text-align: justify;\">In Ausnahmef\u00e4llen k\u00f6nnen zus\u00e4tzliche Vitamin-D-Gaben aber durchaus zweckvoll sein. Doch m\u00fcssen hierbei unbedingt Vernunft und Augenma\u00df walten, denn die Vitamingruppe D greift weitreichend in den Kalziumstoffwechsel ein. Deshalb verbieten sich zus\u00e4tzliche Einnahmen f\u00fcr Personen mit Nierensch\u00e4digungen schon von vornherein.<\/p>\n<p style=\"text-align: justify;\">Aber auch f\u00fcr Gesunde bleiben \u00dcberdosierungen keineswegs ohne Nebenwirkungen, weil sie die vermehrte Aufnahme von Kalzium aus der Nahrung stimulieren. Eine unausweichliche Folge davon sind \u00fcberh\u00f6hte Kalziumwerte im Blut; der Arzt nennt sie Hyperkalz\u00e4mie, die nicht nur Bildung von Nierensteinen f\u00f6rdert, sondern auch zur Nierenverkalkung, der Nephrokalzinose<strong>,<\/strong> und schlie\u00dflich zu v\u00f6lligem Nierenversagen mit Todesfolge f\u00fchren kann <sup>[3]<\/sup>.<\/p>\n<figure id=\"attachment_5152\" aria-describedby=\"caption-attachment-5152\" style=\"width: 600px\" class=\"wp-caption aligncenter\"><img loading=\"lazy\" decoding=\"async\" class=\"wp-image-5152 size-full\" title=\"Abgesperrter Spielplatz in Stuttgart (M\u00e4rz 2020)\" src=\"https:\/\/www.rct-online.de\/magazin\/wp-content\/uploads\/2020\/07\/spielplatz-abgesperrt-stuttgart.jpg\" alt=\"spielplatz-abgesperrt-stuttgart-corona-virus\" width=\"600\" height=\"398\" srcset=\"https:\/\/www.rct-online.de\/magazin\/wp-content\/uploads\/2020\/07\/spielplatz-abgesperrt-stuttgart.jpg 600w, https:\/\/www.rct-online.de\/magazin\/wp-content\/uploads\/2020\/07\/spielplatz-abgesperrt-stuttgart-300x199.jpg 300w, https:\/\/www.rct-online.de\/magazin\/wp-content\/uploads\/2020\/07\/spielplatz-abgesperrt-stuttgart-310x205.jpg 310w\" sizes=\"(max-width: 600px) 100vw, 600px\" \/><figcaption id=\"caption-attachment-5152\" class=\"wp-caption-text\">Abgesperrter Spielplatz in Stuttgart (M\u00e4rz 2020)<\/figcaption><\/figure>\n<p style=\"text-align: justify;\">Die Schlussfolgerung kann deshalb nur lauten: H\u00e4nde weg von allen Selbstmedikationen mit frei verk\u00e4uflichen Vitaminpr\u00e4paraten aus dem Supermarkt \u2013 und das nicht nur w\u00e4hrend der Corona-Zeit, sondern auch danach. Die Behandlung mit Vitamin D geh\u00f6rt in die Hand eines Arztes, allein er kann beurteilen, ob zus\u00e4tzliche Gaben erforderlich sind.<\/p>\n<hr \/>\n<pre><strong>Quellen:\r\n<\/strong>[1] https:\/\/www.ncbi.nlm.nih.gov\/pmc\/articles\/PMC6164750\/\r\n[2] https:\/\/www.ncbi.nlm.nih.gov\/pubmed\/32252338\r\n[3] https:\/\/www.bbc.com\/news\/health-52371688\r\n[4] https:\/\/www.ncbi.nlm.nih.gov\/pmc\/articles\/PMC3543548\/\r\n[5] https:\/\/www.ncbi.nlm.nih.gov\/pmc\/articles\/PMC3543548\/\r\n[6] https:\/\/de.wikipedia.org\/wiki\/Vitamin_D\r\n[7] https:\/\/es.wikipedia.org\/wiki\/Vitamina\r\n[8] https:\/\/de.wikipedia.org\/wiki\/Vitamin\r\n[9] https:\/\/www.mdpi.com\/1999-4915\/12\/4\/372\/htm\r\n[10] https:\/\/www.ncbi.nlm.nih.gov\/pmc\/articles\/PMC6305614\/\r\n[11] https:\/\/pubmed.ncbi.nlm.nih.gov\/21527855\/\r\n[12] https:\/\/www.merkur.de\/welt\/coronavirus-zahlen-usa-deutschland-tote-infizierte-weltweit-covid-19-sterberate-news-zr-13600954.html\r\n[13] https:\/\/www.healthline.com\/nutrition\/vitamin-d-coronavirus#effect-on-immune-health\r\n\r\n<strong>Bildquellen:\r\n<\/strong>\r\nBeitragsbild | \u00a9 alexanderuhrin \u2013 stock.adobe.com\r\nMann mit Maske | \u00a9 TeamDf \u2013 stock.adobe.com \r\nMenschen stehen Schlange | \u00a9 Ian-Art.photography \u2013 de.wikipedia.org\r\nZugang zu Kino in Worms | \u00a9 Christian Hoffmann, CC BY-SA 4.0, via coronarchiv.geschichte.uni-hamburg.de\r\nAbgesperrter Spielplatz | \u00a9 Alexander Migl \/ Alexander-93 \u2013 de.wikipedia.org<\/pre>\n","protected":false},"excerpt":{"rendered":"<p>\u00ab Aus gegebenem Anlass: Kann Vitamin D das Risiko einer Corona-Infektion mindern? \u00bb Vitamin D ist eine fettl\u00f6sliche Vitaminart, die f\u00fcr ihre Rolle bei der Regulierung des Kalzium- und Phosphor-Serumspiegels im Blut und damit der Knochenmineralisierung und dem Knochenaufbau bekannt ist [1]. Vitamin D wird sowohl mit der Nahrung aufgenommen als auch durch Sonneneinstrahlung im &hellip;<\/p>\n","protected":false},"author":7,"featured_media":5143,"comment_status":"closed","ping_status":"open","sticky":false,"template":"","format":"standard","meta":{"footnotes":""},"categories":[117,2747],"tags":[849,843,842,798,844,846,848,179,847,841,845],"class_list":["post-5138","post","type-post","status-publish","format-standard","has-post-thumbnail","","category-alle-beitraege","category-werkstoffe-in-der-chemie","tag-augenwaschstation","tag-corona","tag-corona-virus","tag-hygiene-tueroeffner","tag-infektion","tag-pandemie","tag-perfluoralkoxy","tag-pfa","tag-probenroehrchen","tag-vitamin-d","tag-vitamine"],"yoast_head":"<!-- This site is optimized with the Yoast SEO plugin v23.1 - https:\/\/yoast.com\/wordpress\/plugins\/seo\/ -->\n<title>Vitamin D und das Corona-Virus \u2013 RCT Magazin<\/title>\n<meta name=\"description\" content=\"Kann Vitamin D das Risiko einer Corona-Infektion mindern? \u2192 \u2705 Vitamin D &amp; das Immunsystem \u2705 Risiken der \u00dcberdosierung \u2705 COVID-19 Pandemie\" \/>\n<meta name=\"robots\" content=\"index, follow, max-snippet:-1, max-image-preview:large, max-video-preview:-1\" \/>\n<link rel=\"canonical\" href=\"https:\/\/www.rct-online.de\/magazin\/vitamin-d-und-das-corona-virus\/\" \/>\n<meta property=\"og:locale\" content=\"de_DE\" \/>\n<meta property=\"og:type\" content=\"article\" \/>\n<meta property=\"og:title\" content=\"Vitamin D und das Corona-Virus \u2013 RCT Magazin\" \/>\n<meta property=\"og:description\" content=\"Kann Vitamin D das Risiko einer Corona-Infektion mindern? \u2192 \u2705 Vitamin D &amp; das Immunsystem \u2705 Risiken der \u00dcberdosierung \u2705 COVID-19 Pandemie\" \/>\n<meta property=\"og:url\" content=\"https:\/\/www.rct-online.de\/magazin\/vitamin-d-und-das-corona-virus\/\" \/>\n<meta property=\"og:site_name\" content=\"Reichelt Chemietechnik Magazin\" \/>\n<meta property=\"article:published_time\" content=\"2020-06-26T06:00:24+00:00\" \/>\n<meta property=\"article:modified_time\" content=\"2025-04-07T07:54:53+00:00\" \/>\n<meta property=\"og:image\" content=\"https:\/\/www.rct-online.de\/magazin\/wp-content\/uploads\/2020\/07\/vitamin-d-und-das-corona-virus.jpg\" \/>\n\t<meta property=\"og:image:width\" content=\"800\" \/>\n\t<meta property=\"og:image:height\" content=\"532\" \/>\n\t<meta property=\"og:image:type\" content=\"image\/jpeg\" \/>\n<meta name=\"author\" content=\"Dr. Karl-Heinz Heise\" \/>\n<meta name=\"twitter:card\" content=\"summary_large_image\" \/>\n<meta name=\"twitter:label1\" content=\"Verfasst von\" \/>\n\t<meta name=\"twitter:data1\" content=\"Dr. Karl-Heinz Heise\" \/>\n\t<meta name=\"twitter:label2\" content=\"Gesch\u00e4tzte Lesezeit\" \/>\n\t<meta name=\"twitter:data2\" content=\"9\u00a0Minuten\" \/>\n<script type=\"application\/ld+json\" class=\"yoast-schema-graph\">{\"@context\":\"https:\/\/schema.org\",\"@graph\":[{\"@type\":\"WebPage\",\"@id\":\"https:\/\/www.rct-online.de\/magazin\/vitamin-d-und-das-corona-virus\/\",\"url\":\"https:\/\/www.rct-online.de\/magazin\/vitamin-d-und-das-corona-virus\/\",\"name\":\"Vitamin D und das Corona-Virus \u2013 RCT Magazin\",\"isPartOf\":{\"@id\":\"https:\/\/www.rct-online.de\/magazin\/#website\"},\"primaryImageOfPage\":{\"@id\":\"https:\/\/www.rct-online.de\/magazin\/vitamin-d-und-das-corona-virus\/#primaryimage\"},\"image\":{\"@id\":\"https:\/\/www.rct-online.de\/magazin\/vitamin-d-und-das-corona-virus\/#primaryimage\"},\"thumbnailUrl\":\"https:\/\/www.rct-online.de\/magazin\/wp-content\/uploads\/2020\/07\/vitamin-d-und-das-corona-virus.jpg\",\"datePublished\":\"2020-06-26T06:00:24+00:00\",\"dateModified\":\"2025-04-07T07:54:53+00:00\",\"author\":{\"@id\":\"https:\/\/www.rct-online.de\/magazin\/#\/schema\/person\/de5369aedc25d1f064871d823629e056\"},\"description\":\"Kann Vitamin D das Risiko einer Corona-Infektion mindern? \u2192 \u2705 Vitamin D & das Immunsystem \u2705 Risiken der \u00dcberdosierung \u2705 COVID-19 Pandemie\",\"breadcrumb\":{\"@id\":\"https:\/\/www.rct-online.de\/magazin\/vitamin-d-und-das-corona-virus\/#breadcrumb\"},\"inLanguage\":\"de\",\"potentialAction\":[{\"@type\":\"ReadAction\",\"target\":[\"https:\/\/www.rct-online.de\/magazin\/vitamin-d-und-das-corona-virus\/\"]}]},{\"@type\":\"ImageObject\",\"inLanguage\":\"de\",\"@id\":\"https:\/\/www.rct-online.de\/magazin\/vitamin-d-und-das-corona-virus\/#primaryimage\",\"url\":\"https:\/\/www.rct-online.de\/magazin\/wp-content\/uploads\/2020\/07\/vitamin-d-und-das-corona-virus.jpg\",\"contentUrl\":\"https:\/\/www.rct-online.de\/magazin\/wp-content\/uploads\/2020\/07\/vitamin-d-und-das-corona-virus.jpg\",\"width\":800,\"height\":532,\"caption\":\"\u00a9 alexanderuhrin \u2013 stock.adobe.com\"},{\"@type\":\"BreadcrumbList\",\"@id\":\"https:\/\/www.rct-online.de\/magazin\/vitamin-d-und-das-corona-virus\/#breadcrumb\",\"itemListElement\":[{\"@type\":\"ListItem\",\"position\":1,\"name\":\"Startseite\",\"item\":\"https:\/\/www.rct-online.de\/magazin\/\"},{\"@type\":\"ListItem\",\"position\":2,\"name\":\"Vitamin D und das Corona-Virus\"}]},{\"@type\":\"WebSite\",\"@id\":\"https:\/\/www.rct-online.de\/magazin\/#website\",\"url\":\"https:\/\/www.rct-online.de\/magazin\/\",\"name\":\"Reichelt Chemietechnik Magazin\",\"description\":\"\",\"potentialAction\":[{\"@type\":\"SearchAction\",\"target\":{\"@type\":\"EntryPoint\",\"urlTemplate\":\"https:\/\/www.rct-online.de\/magazin\/?s={search_term_string}\"},\"query-input\":\"required name=search_term_string\"}],\"inLanguage\":\"de\"},{\"@type\":\"Person\",\"@id\":\"https:\/\/www.rct-online.de\/magazin\/#\/schema\/person\/de5369aedc25d1f064871d823629e056\",\"name\":\"Dr. Karl-Heinz Heise\",\"image\":{\"@type\":\"ImageObject\",\"inLanguage\":\"de\",\"@id\":\"https:\/\/www.rct-online.de\/magazin\/#\/schema\/person\/image\/\",\"url\":\"https:\/\/www.rct-online.de\/magazin\/wp-content\/uploads\/2024\/07\/KH_Heise.jpg\",\"contentUrl\":\"https:\/\/www.rct-online.de\/magazin\/wp-content\/uploads\/2024\/07\/KH_Heise.jpg\",\"caption\":\"Dr. Karl-Heinz Heise\"},\"description\":\"Dr. Karl-Heinz Heise studierte an der Martin-Luther Universit\u00e4t Halle-Wittenberg Chemie und der vormaligen Technischen Hochschule Dresden Radiochemie und Chemische Kerntechnik. Danach war er bis zur politischen Wende 1989 als wissenschaftlicher Mitarbeiter am Zentralinstitut f\u00fcr Kernforschung Rossendorf (ZfK) der Akademie der Wissenschaften in verschiedenen Bereichen der Isotopenproduktion und Markierungschemie t\u00e4tig. 1990 wurde er im neu gegr\u00fcndeten Leibnitz-Forschungszentrum Dresden - Rossendorf, dem heutigen Helmholtz-Zentrum, mit der Leitung der Abteilung f\u00fcr Organische Tracerchemie des Instituts f\u00fcr Radiochemie betraut, die sich mit umweltchemischen Prozessen in den Hinterlassenschaften des Uranbergbaus der DDR befasste. Dr. Heise ist begeisterter Hobby-Numismatiker und besch\u00e4ftigt sich dabei vornehmlich mit der h\u00f6fischen Medaillenkunst des 19. Jahrhunderts in Sachsen.\",\"url\":\"https:\/\/www.rct-online.de\/magazin\/author\/k-heise\/\"}]}<\/script>\n<!-- \/ Yoast SEO plugin. -->","yoast_head_json":{"title":"Vitamin D und das Corona-Virus \u2013 RCT Magazin","description":"Kann Vitamin D das Risiko einer Corona-Infektion mindern? \u2192 \u2705 Vitamin D & das Immunsystem \u2705 Risiken der \u00dcberdosierung \u2705 COVID-19 Pandemie","robots":{"index":"index","follow":"follow","max-snippet":"max-snippet:-1","max-image-preview":"max-image-preview:large","max-video-preview":"max-video-preview:-1"},"canonical":"https:\/\/www.rct-online.de\/magazin\/vitamin-d-und-das-corona-virus\/","og_locale":"de_DE","og_type":"article","og_title":"Vitamin D und das Corona-Virus \u2013 RCT Magazin","og_description":"Kann Vitamin D das Risiko einer Corona-Infektion mindern? \u2192 \u2705 Vitamin D & das Immunsystem \u2705 Risiken der \u00dcberdosierung \u2705 COVID-19 Pandemie","og_url":"https:\/\/www.rct-online.de\/magazin\/vitamin-d-und-das-corona-virus\/","og_site_name":"Reichelt Chemietechnik Magazin","article_published_time":"2020-06-26T06:00:24+00:00","article_modified_time":"2025-04-07T07:54:53+00:00","og_image":[{"width":800,"height":532,"url":"https:\/\/www.rct-online.de\/magazin\/wp-content\/uploads\/2020\/07\/vitamin-d-und-das-corona-virus.jpg","type":"image\/jpeg"}],"author":"Dr. Karl-Heinz Heise","twitter_card":"summary_large_image","twitter_misc":{"Verfasst von":"Dr. Karl-Heinz Heise","Gesch\u00e4tzte Lesezeit":"9\u00a0Minuten"},"schema":{"@context":"https:\/\/schema.org","@graph":[{"@type":"WebPage","@id":"https:\/\/www.rct-online.de\/magazin\/vitamin-d-und-das-corona-virus\/","url":"https:\/\/www.rct-online.de\/magazin\/vitamin-d-und-das-corona-virus\/","name":"Vitamin D und das Corona-Virus \u2013 RCT Magazin","isPartOf":{"@id":"https:\/\/www.rct-online.de\/magazin\/#website"},"primaryImageOfPage":{"@id":"https:\/\/www.rct-online.de\/magazin\/vitamin-d-und-das-corona-virus\/#primaryimage"},"image":{"@id":"https:\/\/www.rct-online.de\/magazin\/vitamin-d-und-das-corona-virus\/#primaryimage"},"thumbnailUrl":"https:\/\/www.rct-online.de\/magazin\/wp-content\/uploads\/2020\/07\/vitamin-d-und-das-corona-virus.jpg","datePublished":"2020-06-26T06:00:24+00:00","dateModified":"2025-04-07T07:54:53+00:00","author":{"@id":"https:\/\/www.rct-online.de\/magazin\/#\/schema\/person\/de5369aedc25d1f064871d823629e056"},"description":"Kann Vitamin D das Risiko einer Corona-Infektion mindern? \u2192 \u2705 Vitamin D & das Immunsystem \u2705 Risiken der \u00dcberdosierung \u2705 COVID-19 Pandemie","breadcrumb":{"@id":"https:\/\/www.rct-online.de\/magazin\/vitamin-d-und-das-corona-virus\/#breadcrumb"},"inLanguage":"de","potentialAction":[{"@type":"ReadAction","target":["https:\/\/www.rct-online.de\/magazin\/vitamin-d-und-das-corona-virus\/"]}]},{"@type":"ImageObject","inLanguage":"de","@id":"https:\/\/www.rct-online.de\/magazin\/vitamin-d-und-das-corona-virus\/#primaryimage","url":"https:\/\/www.rct-online.de\/magazin\/wp-content\/uploads\/2020\/07\/vitamin-d-und-das-corona-virus.jpg","contentUrl":"https:\/\/www.rct-online.de\/magazin\/wp-content\/uploads\/2020\/07\/vitamin-d-und-das-corona-virus.jpg","width":800,"height":532,"caption":"\u00a9 alexanderuhrin \u2013 stock.adobe.com"},{"@type":"BreadcrumbList","@id":"https:\/\/www.rct-online.de\/magazin\/vitamin-d-und-das-corona-virus\/#breadcrumb","itemListElement":[{"@type":"ListItem","position":1,"name":"Startseite","item":"https:\/\/www.rct-online.de\/magazin\/"},{"@type":"ListItem","position":2,"name":"Vitamin D und das Corona-Virus"}]},{"@type":"WebSite","@id":"https:\/\/www.rct-online.de\/magazin\/#website","url":"https:\/\/www.rct-online.de\/magazin\/","name":"Reichelt Chemietechnik Magazin","description":"","potentialAction":[{"@type":"SearchAction","target":{"@type":"EntryPoint","urlTemplate":"https:\/\/www.rct-online.de\/magazin\/?s={search_term_string}"},"query-input":"required name=search_term_string"}],"inLanguage":"de"},{"@type":"Person","@id":"https:\/\/www.rct-online.de\/magazin\/#\/schema\/person\/de5369aedc25d1f064871d823629e056","name":"Dr. Karl-Heinz Heise","image":{"@type":"ImageObject","inLanguage":"de","@id":"https:\/\/www.rct-online.de\/magazin\/#\/schema\/person\/image\/","url":"https:\/\/www.rct-online.de\/magazin\/wp-content\/uploads\/2024\/07\/KH_Heise.jpg","contentUrl":"https:\/\/www.rct-online.de\/magazin\/wp-content\/uploads\/2024\/07\/KH_Heise.jpg","caption":"Dr. Karl-Heinz Heise"},"description":"Dr. Karl-Heinz Heise studierte an der Martin-Luther Universit\u00e4t Halle-Wittenberg Chemie und der vormaligen Technischen Hochschule Dresden Radiochemie und Chemische Kerntechnik. Danach war er bis zur politischen Wende 1989 als wissenschaftlicher Mitarbeiter am Zentralinstitut f\u00fcr Kernforschung Rossendorf (ZfK) der Akademie der Wissenschaften in verschiedenen Bereichen der Isotopenproduktion und Markierungschemie t\u00e4tig. 1990 wurde er im neu gegr\u00fcndeten Leibnitz-Forschungszentrum Dresden - Rossendorf, dem heutigen Helmholtz-Zentrum, mit der Leitung der Abteilung f\u00fcr Organische Tracerchemie des Instituts f\u00fcr Radiochemie betraut, die sich mit umweltchemischen Prozessen in den Hinterlassenschaften des Uranbergbaus der DDR befasste. Dr. Heise ist begeisterter Hobby-Numismatiker und besch\u00e4ftigt sich dabei vornehmlich mit der h\u00f6fischen Medaillenkunst des 19. Jahrhunderts in Sachsen.","url":"https:\/\/www.rct-online.de\/magazin\/author\/k-heise\/"}]}},"_links":{"self":[{"href":"https:\/\/www.rct-online.de\/magazin\/wp-json\/wp\/v2\/posts\/5138"}],"collection":[{"href":"https:\/\/www.rct-online.de\/magazin\/wp-json\/wp\/v2\/posts"}],"about":[{"href":"https:\/\/www.rct-online.de\/magazin\/wp-json\/wp\/v2\/types\/post"}],"author":[{"embeddable":true,"href":"https:\/\/www.rct-online.de\/magazin\/wp-json\/wp\/v2\/users\/7"}],"replies":[{"embeddable":true,"href":"https:\/\/www.rct-online.de\/magazin\/wp-json\/wp\/v2\/comments?post=5138"}],"version-history":[{"count":51,"href":"https:\/\/www.rct-online.de\/magazin\/wp-json\/wp\/v2\/posts\/5138\/revisions"}],"predecessor-version":[{"id":5140,"href":"https:\/\/www.rct-online.de\/magazin\/wp-json\/wp\/v2\/posts\/5138\/revisions\/5140"}],"wp:featuredmedia":[{"embeddable":true,"href":"https:\/\/www.rct-online.de\/magazin\/wp-json\/wp\/v2\/media\/5143"}],"wp:attachment":[{"href":"https:\/\/www.rct-online.de\/magazin\/wp-json\/wp\/v2\/media?parent=5138"}],"wp:term":[{"taxonomy":"category","embeddable":true,"href":"https:\/\/www.rct-online.de\/magazin\/wp-json\/wp\/v2\/categories?post=5138"},{"taxonomy":"post_tag","embeddable":true,"href":"https:\/\/www.rct-online.de\/magazin\/wp-json\/wp\/v2\/tags?post=5138"}],"curies":[{"name":"wp","href":"https:\/\/api.w.org\/{rel}","templated":true}]}}