{"id":4219,"date":"2019-11-15T15:35:04","date_gmt":"2019-11-15T14:35:04","guid":{"rendered":"https:\/\/www.rct-online.de\/magazin\/?p=4219"},"modified":"2025-04-07T09:58:20","modified_gmt":"2025-04-07T07:58:20","slug":"150-jahre-periodensystem-der-chemischen-elemente","status":"publish","type":"post","link":"https:\/\/www.rct-online.de\/magazin\/150-jahre-periodensystem-der-chemischen-elemente\/","title":{"rendered":"150 Jahre Periodensystem der chemischen Elemente"},"content":{"rendered":"<div id=\"ez-toc-container\" class=\"ez-toc-v2_0_73 ez-toc-wrap-center counter-hierarchy ez-toc-counter ez-toc-white ez-toc-container-direction\">\n<div class=\"ez-toc-title-container\">\n<p class=\"ez-toc-title\" style=\"cursor:inherit\">Inhaltsverzeichnis<\/p>\n<span class=\"ez-toc-title-toggle\"><a href=\"#\" class=\"ez-toc-pull-right ez-toc-btn ez-toc-btn-xs ez-toc-btn-default ez-toc-toggle\" aria-label=\"Toggle Table of Content\"><span class=\"ez-toc-js-icon-con\"><span class=\"\"><span class=\"eztoc-hide\" style=\"display:none;\">Toggle<\/span><span class=\"ez-toc-icon-toggle-span\"><svg style=\"fill: #999;color:#999\" xmlns=\"http:\/\/www.w3.org\/2000\/svg\" class=\"list-377408\" width=\"20px\" height=\"20px\" viewBox=\"0 0 24 24\" fill=\"none\"><path d=\"M6 6H4v2h2V6zm14 0H8v2h12V6zM4 11h2v2H4v-2zm16 0H8v2h12v-2zM4 16h2v2H4v-2zm16 0H8v2h12v-2z\" fill=\"currentColor\"><\/path><\/svg><svg style=\"fill: #999;color:#999\" class=\"arrow-unsorted-368013\" xmlns=\"http:\/\/www.w3.org\/2000\/svg\" width=\"10px\" height=\"10px\" viewBox=\"0 0 24 24\" version=\"1.2\" baseProfile=\"tiny\"><path d=\"M18.2 9.3l-6.2-6.3-6.2 6.3c-.2.2-.3.4-.3.7s.1.5.3.7c.2.2.4.3.7.3h11c.3 0 .5-.1.7-.3.2-.2.3-.5.3-.7s-.1-.5-.3-.7zM5.8 14.7l6.2 6.3 6.2-6.3c.2-.2.3-.5.3-.7s-.1-.5-.3-.7c-.2-.2-.4-.3-.7-.3h-11c-.3 0-.5.1-.7.3-.2.2-.3.5-.3.7s.1.5.3.7z\"\/><\/svg><\/span><\/span><\/span><\/a><\/span><\/div>\n<nav><ul class='ez-toc-list ez-toc-list-level-1 ' ><li class='ez-toc-page-1 ez-toc-heading-level-2'><a class=\"ez-toc-link ez-toc-heading-1\" href=\"https:\/\/www.rct-online.de\/magazin\/150-jahre-periodensystem-der-chemischen-elemente\/#%C2%AB_Das_muss_gefeiert_werden_%C2%BB\" title=\"\u00ab Das muss gefeiert werden! \u00bb\">\u00ab Das muss gefeiert werden! \u00bb<\/a><\/li><li class='ez-toc-page-1 ez-toc-heading-level-2'><a class=\"ez-toc-link ez-toc-heading-2\" href=\"https:\/\/www.rct-online.de\/magazin\/150-jahre-periodensystem-der-chemischen-elemente\/#Vertrauen_ist_gut_doch_Kontrolle_ist_besser%E2%80%A6\" title=\"Vertrauen ist gut, doch Kontrolle ist besser\u2026\">Vertrauen ist gut, doch Kontrolle ist besser\u2026<\/a><\/li><li class='ez-toc-page-1 ez-toc-heading-level-2'><a class=\"ez-toc-link ez-toc-heading-3\" href=\"https:\/\/www.rct-online.de\/magazin\/150-jahre-periodensystem-der-chemischen-elemente\/#Unter_dem_Motto_%E2%80%9EOrdnung_ist_das_ganze_Leben%E2%80%9C\" title=\"Unter dem Motto \u201eOrdnung ist das ganze Leben\u201c\">Unter dem Motto \u201eOrdnung ist das ganze Leben\u201c<\/a><\/li><li class='ez-toc-page-1 ez-toc-heading-level-2'><a class=\"ez-toc-link ez-toc-heading-4\" href=\"https:\/\/www.rct-online.de\/magazin\/150-jahre-periodensystem-der-chemischen-elemente\/#Gedruckt_auf_T-Shirts_oder_Tassen\" title=\"Gedruckt auf T-Shirts oder Tassen\">Gedruckt auf T-Shirts oder Tassen<\/a><\/li><\/ul><\/nav><\/div>\n<h2><span class=\"ez-toc-section\" id=\"%C2%AB_Das_muss_gefeiert_werden_%C2%BB\"><\/span>\u00ab Das muss gefeiert werden! \u00bb<span class=\"ez-toc-section-end\"><\/span><\/h2>\n<p style=\"text-align: justify;\"><strong>Vor genau 150 Jahren entdeckte der St. Petersburger Professor der Chemie Dmitri I. Mendelejew (1834\u00a0\u2013\u00a01907) eine von der Natur vorgegebene Systematik, die zu einer Periodizit\u00e4t der chemischen Elemente f\u00fchrt. Zu seiner Zeit waren 63 nat\u00fcrlich vorkommende Elemente identifiziert und benannt, jedoch blieb deren Anordnung und der gro\u00dfe Zusammenhang dieser kleinsten Teilchen ein R\u00e4tsel. Parallel eiferten Chemiker auf der ganzen Welt das Geheimnis zu l\u00fcften, bis dann 1869 Mendelejew und kurze Zeit sp\u00e4ter der deutsche Chemiker Lothar Meyer (1830\u00a0\u2013\u00a01895) in G\u00f6ttingen auf die verbl\u00fcffende Laune der Natur aufmerksam wurden. Sortierte man die Elemente nach ihrem Atomgewicht, schien es, als w\u00fcrden sich chemisch-physikalische Eigenschaften alle 7 innerhalb einer kleinen Periode und alle 17 Elemente innerhalb einer gro\u00dfen Periode wiederholen. Diese Entdeckung in eine Tabellenform gebracht und das Periodensystem der Elemente (PSE) war geboren.<\/strong><\/p>\n<figure id=\"attachment_4225\" aria-describedby=\"caption-attachment-4225\" style=\"width: 600px\" class=\"wp-caption aligncenter\"><img loading=\"lazy\" decoding=\"async\" class=\"wp-image-4225 size-full\" title=\"Der russische Chemiker Dmitri Iwanowitsch Mendelejew (Fotografie, 1897)\" src=\"https:\/\/www.rct-online.de\/magazin\/wp-content\/uploads\/2019\/12\/Dmitri-Iwanowitsch-Mendelejew-Chemiker.jpg\" alt=\"Dmitri Iwanowitsch Mendelejew Chemiker\" width=\"600\" height=\"843\" srcset=\"https:\/\/www.rct-online.de\/magazin\/wp-content\/uploads\/2019\/12\/Dmitri-Iwanowitsch-Mendelejew-Chemiker.jpg 600w, https:\/\/www.rct-online.de\/magazin\/wp-content\/uploads\/2019\/12\/Dmitri-Iwanowitsch-Mendelejew-Chemiker-214x300.jpg 214w\" sizes=\"(max-width: 600px) 100vw, 600px\" \/><figcaption id=\"caption-attachment-4225\" class=\"wp-caption-text\">Der russische Chemiker Dmitri Iwanowitsch Mendelejew (Fotografie, 1897)<\/figcaption><\/figure>\n<p style=\"text-align: justify;\">Besonders beeindruckend ist dabei, dass weder atomare Strukturen noch Elektronen zu dieser Zeit bekannt waren. Trotzdem gelang es Mendelejew, Vorhersagen zu fehlenden Elementen des Periodensystems sowie zu ihren Eigenschaften und dem Reaktionsverhalten zu treffen. Dies brachte ihm letztendlich auch den Ruhm als Entdecker des Periodensystems ein. Seit der ersten Fassung vor 150 Jahren hat sich in diesem System einiges ver\u00e4ndert. Das Periodensystem umfasst nun 118 Elemente, von denen 90 nat\u00fcrlich vorkommen und 28 k\u00fcnstlich durch Kernfusion erzeugt wurden.<\/p>\n<blockquote>\n<p style=\"text-align: justify;\">Die Entdeckung der Edelgase und die Anordnung nach Kernladungszahlen lie\u00dfen die Periodizit\u00e4t auf 8 und 18 Elemente ansteigen. In einer langen Form des PSE sind nun sogar in der sechsten und siebten Gruppe 32 Spalten abgedruckt.<\/p>\n<\/blockquote>\n<p style=\"text-align: justify;\">Zum ersten Mal in der Geschichte des Periodensystems sind keine L\u00fccken mehr vorhanden. Mit etwas Wehmut k\u00f6nnte man meinen, die Arbeit sei getan und die Ordnung vollst\u00e4ndig benannt. Aktuell umfasst die Ordnung, die in sieben Perioden unterteilt ist, 118 Elementgruppen. Wissenschaftler sind sich jedoch sicher, dass diese Erfolgsgeschichte weiterzuschreiben nur eine Frage der Zeit sein kann. Denn solange im Atomkern die Anziehungskraft die absto\u00dfende Coulomb-Kraft \u00fcberwiegt, scheint der Synthese weiterer, schwerer Elemente keine Grenze gesetzt.<\/p>\n<h2><span class=\"ez-toc-section\" id=\"Vertrauen_ist_gut_doch_Kontrolle_ist_besser%E2%80%A6\"><\/span>Vertrauen ist gut, doch Kontrolle ist besser\u2026<span class=\"ez-toc-section-end\"><\/span><\/h2>\n<p style=\"text-align: justify;\">Das Periodensystem der Elemente fehlt in keinem Schul- und Lehrbuch. Doch wer \u00fcberwacht und koordiniert das ordnungsgem\u00e4\u00dfe Einf\u00fcgen neuer Elemente? Im Jahre 1919 wurde die International Union of Pure and Applied Chemistry (IUPAC) gegr\u00fcndet, welche sich seither mit der m\u00f6glichst einheitlichen und systematischen Namensgebung chemischer Substanzen besch\u00e4ftigt. Auch das Periodensystem der Elemente f\u00e4llt in den Aufgabenbereich der IUPAC. Von dem Erstellen der Anforderungen zur Entdeckung eines neuen chemischen Elementes, \u00fcber die Regularien zur Namensgebung, bis hin zu dem Erstellen der neusten Versionen des PSE, die IUPAC ist daf\u00fcr der Ansprechpartner.<\/p>\n<p><center><a href=\"https:\/\/www.rct-online.de\/de\/filtration\/granulate-und-sorbentien\/aktivkohle-granulat-sorbens-auf-kokosnuss-basis\"><img loading=\"lazy\" decoding=\"async\" class=\"alignnone wp-image-4232 size-full\" title=\"Aktivkohle-Granulat-Sorbens auf Kokosnuss Basis\" src=\"https:\/\/www.rct-online.de\/magazin\/wp-content\/uploads\/2019\/12\/aktivkohle-granulat-sorbens-auf-kokosnuss-basis.jpg\" alt=\"aktivkohle-granulat-sorbens-auf-kokosnuss-basis\" width=\"300\" height=\"200\" \/><\/a> <a href=\"https:\/\/www.rct-online.de\/de\/filtration\/granulate-und-sorbentien\/blau-gel-granulat-sorbens\"><img loading=\"lazy\" decoding=\"async\" class=\"alignnone wp-image-4233 size-full\" title=\"Blau-Gel-Granulat-Sorbens\" src=\"https:\/\/www.rct-online.de\/magazin\/wp-content\/uploads\/2019\/12\/blau-gel-granulat-sorbens.jpg\" alt=\"blau-gel-granulat-sorbens\" width=\"300\" height=\"200\" \/><\/a><\/center><\/p>\n<p style=\"text-align: justify;\">Die Entdeckung der vorerst letzten vier Elemente mit den Ordnungszahlen 113, 115, 117 und 118 wurde 2016 von der IUPAC best\u00e4tigt. Die Namen dieser j\u00fcngsten Mitglieder des PSE k\u00f6nnten abwechslungsreicher nicht sein: Nihonium (Nh), Moscovium (Mc), Tenness (Ts) und Oganesson (Og). Aber damit nicht genug, auch andere Elemente tragen bedeutungsvolle Namen. Das Element Phosphor ist nach dem griechischen \u201ephosphoros\u201c (\u03c6\u03ce\u03c3\u03c6\u03bf\u03c1\u03bf\u03c2 = Lichttr\u00e4ger) benannt und spiegelt so die Eigenschaft des wei\u00dfen Phosphors wider, im Dunkeln zu leuchten. Der Name des Halogens Brom (Br), hergeleitet vom altgriechischen Wort \u201ebromos\u201c (\u03b2\u03c1\u03c9\u03bc\u03bf\u03c2 = Gestank), beschreibt die stechend riechenden Bromd\u00e4mpfe. Das radioaktive Schwermetall Neptunium (Np) wurde nach dem Planeten Neptun benannt.<\/p>\n<p style=\"text-align: justify;\">Wie rund 30 andere Elemente des Periodensystems wurde das Element 110, das 1994 bei der Gesellschaft f\u00fcr Schwerionenforschung in Darmstadt erstmalig synthetisiert worden war, nach seinem Entstehungsort benannt: Darmstadtium. Es ist das einzige Element, welches in dieser Ordnung den Namen einer deutschen Stadt tr\u00e4gt. Der Kreativit\u00e4t sind jedoch auch Grenzen gesetzt. Eine Petition, das Element Moscovium (Mc), nach dem verstorbenen Fronts\u00e4nger der Band Mot\u00f6rhead, Lemmy Kilmister, doch \u201eLemmium\u201c zu nennen, wurde abgelehnt.<\/p>\n<figure id=\"attachment_4227\" aria-describedby=\"caption-attachment-4227\" style=\"width: 600px\" class=\"wp-caption aligncenter\"><img loading=\"lazy\" decoding=\"async\" class=\"wp-image-4227 size-full\" title=\"Das Periodensystem Mendelejews in Tabellenform (1871)\" src=\"https:\/\/www.rct-online.de\/magazin\/wp-content\/uploads\/2019\/12\/Periodensystem-Mendelejews-in-Tabellenform.jpg\" alt=\"Periodensystem Mendelejews in Tabellenform\" width=\"600\" height=\"275\" srcset=\"https:\/\/www.rct-online.de\/magazin\/wp-content\/uploads\/2019\/12\/Periodensystem-Mendelejews-in-Tabellenform.jpg 600w, https:\/\/www.rct-online.de\/magazin\/wp-content\/uploads\/2019\/12\/Periodensystem-Mendelejews-in-Tabellenform-300x138.jpg 300w\" sizes=\"(max-width: 600px) 100vw, 600px\" \/><figcaption id=\"caption-attachment-4227\" class=\"wp-caption-text\">Das Periodensystem Mendelejews in Tabellenform (1871)<\/figcaption><\/figure>\n<h2><span class=\"ez-toc-section\" id=\"Unter_dem_Motto_%E2%80%9EOrdnung_ist_das_ganze_Leben%E2%80%9C\"><\/span>Unter dem Motto \u201eOrdnung ist das ganze Leben\u201c<span class=\"ez-toc-section-end\"><\/span><\/h2>\n<p style=\"text-align: justify;\">Das Periodensystem der Elemente als gro\u00dfes Ordnungssystem enth\u00e4lt alle (Atom-)Grundbausteine des Lebens. Die darin einsortierten chemischen Elemente, insbesondere die leichteren, wie Wasserstoff (H), Kohlenstoff (C), Stickstoff (N), Sauerstoff (O), Phosphor (P) und Schwefel (S), machen \u00fcber 99 % der Biomasse auf der Erde aus. Der Ordnung und den Gesetzen der Chemie und Physik folgend, formen organische Verbindungen s\u00e4mtliche Lebewesen, vom Bakterium \u00fcber die Pflanzen und Tierwelt bis zum Menschen.<\/p>\n<p style=\"text-align: justify;\">Jeder lebende Organismus besteht vornehmlich aus Kohlenstoff-Verbindungen, die in ihrer Form und Funktion unterschiedlicher nicht sein k\u00f6nnten. Dabei entstehen vor allem Bindungen zwischen Elementen, die sich durch Aufwenden der Bindungsenergie reversibel verhalten und chemische Reaktionen erm\u00f6glichen. In der menschlichen Ern\u00e4hrung dienen die Makron\u00e4hrstoffe, Kohlenhydrate (bestehend aus C, H und O), Proteine (haupts\u00e4chlich bestehend aus C, H, O und N) und Fette (bestehend aus C, H, O, N und P), nach ihrer Aufnahme durch kontrollierte Abbaureaktionen der Energiegewinnung. Die entstehenden Bruchst\u00fccke dieser Verbindungen werden f\u00fcr die Synthese ben\u00f6tigter Bio-Molek\u00fcle verwendet. So entsteht ein Recycling-Kreislauf der chemischen Elemente.<\/p>\n<p><center><a href=\"https:\/\/www.rct-online.de\/de\/schlaeuche\/gummischlaeuche-elastomerschlaeuche\/silikon-schlaeuche\/silikon-antista-chemieschlauch-platinvernetzt\"><img loading=\"lazy\" decoding=\"async\" class=\"alignnone wp-image-4236 size-full\" title=\"Silikon-Antista-Chemieschlauch\" src=\"https:\/\/www.rct-online.de\/magazin\/wp-content\/uploads\/2019\/12\/silikon-antista-chemieschlauch.jpg\" alt=\"silikon-antista-chemieschlauch\" width=\"300\" height=\"300\" srcset=\"https:\/\/www.rct-online.de\/magazin\/wp-content\/uploads\/2019\/12\/silikon-antista-chemieschlauch.jpg 300w, https:\/\/www.rct-online.de\/magazin\/wp-content\/uploads\/2019\/12\/silikon-antista-chemieschlauch-150x150.jpg 150w\" sizes=\"(max-width: 300px) 100vw, 300px\" \/><\/a> <a href=\"https:\/\/www.rct-online.de\/de\/schlaeuche\/gummischlaeuche-elastomerschlaeuche\/silikon-schlaeuche\/silikon-chemieschlauch-standard\"><img loading=\"lazy\" decoding=\"async\" class=\"alignnone wp-image-4237 size-full\" title=\"Silikon-Chemieschlauch - Standard\" src=\"https:\/\/www.rct-online.de\/magazin\/wp-content\/uploads\/2019\/12\/silikon-chemieschlauch-standard.jpg\" alt=\"silikon-chemieschlauch-standard\" width=\"300\" height=\"300\" srcset=\"https:\/\/www.rct-online.de\/magazin\/wp-content\/uploads\/2019\/12\/silikon-chemieschlauch-standard.jpg 300w, https:\/\/www.rct-online.de\/magazin\/wp-content\/uploads\/2019\/12\/silikon-chemieschlauch-standard-150x150.jpg 150w\" sizes=\"(max-width: 300px) 100vw, 300px\" \/><\/a><\/center><\/p>\n<p style=\"text-align: justify;\">In solch einem gezielten Auf- und Abbau finden sowohl reaktionstr\u00e4ge Edelgase, wie Neon (Ne) oder Argon (Ar), als auch Edelmetalle, wie Gold (Au) oder Platin (Pt), keine biologisch sinnvolle Verwendung. Ebenso verh\u00e4lt es sich mit Elementen, die sehr starke Bindungen mit anderen Elementen eingehen, wie Siliciumdioxid (SiO<sub>2<\/sub>), geformt aus Silicium (Si) und Sauerstoff (O). Diese Verbindung macht einen Gro\u00dfteil der Sandvorkommen aus. Trotzdem ist elementares Silicium aufgrund der hohen Bindungsenergie aus SiO<sub>2<\/sub> nicht leicht zug\u00e4nglich.<\/p>\n<p><center><a href=\"https:\/\/www.rct-online.de\/de\/schlauchverbinder\/verbinder-aus-kunststoff\/kapillar-verbinder-fuer-die-hplc\/gerader-kapillar-verbinder-mit-aussengewinde-aus-pp\"><img loading=\"lazy\" decoding=\"async\" class=\"alignnone wp-image-4246 size-full\" title=\"Gerader-Kapillar-Verbinder mit Au\u00dfengewinde aus PP\" src=\"https:\/\/www.rct-online.de\/magazin\/wp-content\/uploads\/2019\/12\/gerader-kapillar-verbinder-mit-aussengewinde-aus-pp.jpg\" alt=\"gerader-kapillar-verbinder-mit-aussengewinde-aus-pp\" width=\"300\" height=\"300\" srcset=\"https:\/\/www.rct-online.de\/magazin\/wp-content\/uploads\/2019\/12\/gerader-kapillar-verbinder-mit-aussengewinde-aus-pp.jpg 300w, https:\/\/www.rct-online.de\/magazin\/wp-content\/uploads\/2019\/12\/gerader-kapillar-verbinder-mit-aussengewinde-aus-pp-150x150.jpg 150w\" sizes=\"(max-width: 300px) 100vw, 300px\" \/><\/a> <a href=\"https:\/\/www.rct-online.de\/de\/schlauchverbinder\/verbinder-aus-kunststoff\/kapillar-verbinder-fuer-die-hplc\/hochdruck-gerader-kapillar-verbinder-aus-peek\"><img loading=\"lazy\" decoding=\"async\" class=\"alignnone wp-image-4247 size-full\" title=\"Hochdruck-Gerader-Kapillar-Verbinder aus PEEK\" src=\"https:\/\/www.rct-online.de\/magazin\/wp-content\/uploads\/2019\/12\/hochdruck-gerader-kapillar-verbinder-aus-peek.jpg\" alt=\"hochdruck-gerader-kapillar-verbinder-aus-peek\" width=\"300\" height=\"300\" srcset=\"https:\/\/www.rct-online.de\/magazin\/wp-content\/uploads\/2019\/12\/hochdruck-gerader-kapillar-verbinder-aus-peek.jpg 300w, https:\/\/www.rct-online.de\/magazin\/wp-content\/uploads\/2019\/12\/hochdruck-gerader-kapillar-verbinder-aus-peek-150x150.jpg 150w\" sizes=\"(max-width: 300px) 100vw, 300px\" \/><\/a><\/center><\/p>\n<p style=\"text-align: justify;\">Die Ionen der Mineralstoffe Natrium (Na), Magnesium (Mg), Chlor (Cl), Kalium (K) und Calcium (Ca) hingegen \u00fcbernehmen im menschlichen K\u00f6rper eine Vielzahl lebensnotwendiger Funktionen. Der Aufbau des Membranpotentials durch unterschiedliche Verteilung positiv und negativ geladener Ionen \u00fcber die Membran dient der Signalweiterleitung des Nervensystems und stellt eine dieser Funktionen dar.<\/p>\n<p style=\"text-align: justify;\">Ebenso von immenser Wichtigkeit, wenn auch nur in sehr geringen Mengen im menschlichen K\u00f6rper vertreten, sind Spurenelemente wie Eisen (Fe), Kupfer (Cu), Zink (Zn) und Iod (I). Iod und die anderen Spurenelemente bilden Komplexe mit organischen Verbindungen und sichern die Funktionalit\u00e4t verschiedener Enzyme, Hormone und Vitamine. In dem roten Blutfarbstoff H\u00e4moglobin ist es Eisen, das die Sauerstoffaufnahme in der Lunge, den Transport \u00fcber die Blutbahn und die Sauerstoff Abgabe im Zielgewebe leistet. Diese beeindruckend vielf\u00e4ltigen Aufgaben der Elemente verdeutlichen die Bedeutsamkeit ihrer Entdeckung und des n\u00e4heren Verst\u00e4ndnisses ihres Aufbaus.<\/p>\n<figure id=\"attachment_4229\" aria-describedby=\"caption-attachment-4229\" style=\"width: 600px\" class=\"wp-caption aligncenter\"><img loading=\"lazy\" decoding=\"async\" class=\"wp-image-4229 size-full\" title=\"Die aktuelle, mittellange Form des Periodensystems\" src=\"https:\/\/www.rct-online.de\/magazin\/wp-content\/uploads\/2019\/12\/Mittellange-Form-des-Periodensystems.jpg\" alt=\"Mittellange Form des Periodensystems\" width=\"600\" height=\"350\" srcset=\"https:\/\/www.rct-online.de\/magazin\/wp-content\/uploads\/2019\/12\/Mittellange-Form-des-Periodensystems.jpg 600w, https:\/\/www.rct-online.de\/magazin\/wp-content\/uploads\/2019\/12\/Mittellange-Form-des-Periodensystems-300x175.jpg 300w\" sizes=\"(max-width: 600px) 100vw, 600px\" \/><figcaption id=\"caption-attachment-4229\" class=\"wp-caption-text\">Die aktuelle, mittellange Form des Periodensystems<\/figcaption><\/figure>\n<h2><span class=\"ez-toc-section\" id=\"Gedruckt_auf_T-Shirts_oder_Tassen\"><\/span>Gedruckt auf T-Shirts oder Tassen<span class=\"ez-toc-section-end\"><\/span><\/h2>\n<p style=\"text-align: justify;\">Die United Nations Educational, Scientific and Cultural Organization (UNESCO) erkl\u00e4rte das Jahr 2019 zum internationalen Jahr des Periodensystems der Elemente. Ziel der Feierlichkeiten \u201e150 Jahre Periodensystem\u201c ist es, neben den wissenschaftlichen und technologischen Aspekten die globale Aufmerksamkeit auf die Errungenschaften der Chemie zu lenken. F\u00fcr den Chemiker und Naturwissenschaftler bedarf es f\u00fcr die Ehrung des Periodensystems kein besonderes Jahr, das allerorts zum Jubil\u00e4um auf Kalendern, Postern, Tassen und T-Shirts pr\u00e4sentiert wird. Er hat das PSE stets pr\u00e4sent vor seinem geistigen Auge, mit dem sich ihm die wunderbare Welt der Chemie erschlie\u00dft, um sie der Menschheit dienstbar machen zu k\u00f6nnen.<\/p>\n","protected":false},"excerpt":{"rendered":"<p>\u00ab Das muss gefeiert werden! \u00bb Vor genau 150 Jahren entdeckte der St. Petersburger Professor der Chemie Dmitri I. Mendelejew (1834\u00a0\u2013\u00a01907) eine von der Natur vorgegebene Systematik, die zu einer Periodizit\u00e4t der chemischen Elemente f\u00fchrt. Zu seiner Zeit waren 63 nat\u00fcrlich vorkommende Elemente identifiziert und benannt, jedoch blieb deren Anordnung und der gro\u00dfe Zusammenhang dieser &hellip;<\/p>\n","protected":false},"author":11,"featured_media":4224,"comment_status":"closed","ping_status":"open","sticky":false,"template":"","format":"standard","meta":{"footnotes":""},"categories":[117,3],"tags":[645,74,692,608,529],"class_list":["post-4219","post","type-post","status-publish","format-standard","has-post-thumbnail","","category-alle-beitraege","category-chemietechnik-im-einsatz","tag-chemieschlauch","tag-chemieschlaeuche","tag-granulat","tag-periodensystem","tag-verbinder"],"yoast_head":"<!-- This site is optimized with the Yoast SEO plugin v23.1 - https:\/\/yoast.com\/wordpress\/plugins\/seo\/ -->\n<title>150 Jahre Periodensystem \u2013 Reichelt Chemietechnik Magazin<\/title>\n<meta name=\"description\" content=\"150 Jahre Periodensystem: Ein Grund zum Feiern! \u2013 Geschichte &amp; Entdecker \u2714 Bedeutung f\u00fcr Mensch &amp; Wissenschaft \u2714 Ausblick in die Zukunft \u2714\" \/>\n<meta name=\"robots\" content=\"index, follow, max-snippet:-1, max-image-preview:large, max-video-preview:-1\" \/>\n<link rel=\"canonical\" href=\"https:\/\/www.rct-online.de\/magazin\/150-jahre-periodensystem-der-chemischen-elemente\/\" \/>\n<meta property=\"og:locale\" content=\"de_DE\" \/>\n<meta property=\"og:type\" content=\"article\" \/>\n<meta property=\"og:title\" content=\"150 Jahre Periodensystem \u2013 Reichelt Chemietechnik Magazin\" \/>\n<meta property=\"og:description\" content=\"150 Jahre Periodensystem: Ein Grund zum Feiern! \u2013 Geschichte &amp; Entdecker \u2714 Bedeutung f\u00fcr Mensch &amp; Wissenschaft \u2714 Ausblick in die Zukunft \u2714\" \/>\n<meta property=\"og:url\" content=\"https:\/\/www.rct-online.de\/magazin\/150-jahre-periodensystem-der-chemischen-elemente\/\" \/>\n<meta property=\"og:site_name\" content=\"Reichelt Chemietechnik Magazin\" \/>\n<meta property=\"article:published_time\" content=\"2019-11-15T14:35:04+00:00\" \/>\n<meta property=\"article:modified_time\" content=\"2025-04-07T07:58:20+00:00\" \/>\n<meta property=\"og:image\" content=\"https:\/\/www.rct-online.de\/magazin\/wp-content\/uploads\/2019\/12\/150-jahre-periodensystem-der-chemischen-elemente.jpg\" \/>\n\t<meta property=\"og:image:width\" content=\"800\" \/>\n\t<meta property=\"og:image:height\" content=\"519\" \/>\n\t<meta property=\"og:image:type\" content=\"image\/jpeg\" \/>\n<meta name=\"author\" content=\"Katja Kolocaj\" \/>\n<meta name=\"twitter:card\" content=\"summary_large_image\" \/>\n<meta name=\"twitter:label1\" content=\"Verfasst von\" \/>\n\t<meta name=\"twitter:data1\" content=\"Katja Kolocaj\" \/>\n\t<meta name=\"twitter:label2\" content=\"Gesch\u00e4tzte Lesezeit\" \/>\n\t<meta name=\"twitter:data2\" content=\"9\u00a0Minuten\" \/>\n<script type=\"application\/ld+json\" class=\"yoast-schema-graph\">{\"@context\":\"https:\/\/schema.org\",\"@graph\":[{\"@type\":\"WebPage\",\"@id\":\"https:\/\/www.rct-online.de\/magazin\/150-jahre-periodensystem-der-chemischen-elemente\/\",\"url\":\"https:\/\/www.rct-online.de\/magazin\/150-jahre-periodensystem-der-chemischen-elemente\/\",\"name\":\"150 Jahre Periodensystem \u2013 Reichelt Chemietechnik Magazin\",\"isPartOf\":{\"@id\":\"https:\/\/www.rct-online.de\/magazin\/#website\"},\"primaryImageOfPage\":{\"@id\":\"https:\/\/www.rct-online.de\/magazin\/150-jahre-periodensystem-der-chemischen-elemente\/#primaryimage\"},\"image\":{\"@id\":\"https:\/\/www.rct-online.de\/magazin\/150-jahre-periodensystem-der-chemischen-elemente\/#primaryimage\"},\"thumbnailUrl\":\"https:\/\/www.rct-online.de\/magazin\/wp-content\/uploads\/2019\/12\/150-jahre-periodensystem-der-chemischen-elemente.jpg\",\"datePublished\":\"2019-11-15T14:35:04+00:00\",\"dateModified\":\"2025-04-07T07:58:20+00:00\",\"author\":{\"@id\":\"https:\/\/www.rct-online.de\/magazin\/#\/schema\/person\/0f7b1ce0db09df0ac190c3971bb12b27\"},\"description\":\"150 Jahre Periodensystem: Ein Grund zum Feiern! \u2013 Geschichte & Entdecker \u2714 Bedeutung f\u00fcr Mensch & Wissenschaft \u2714 Ausblick in die Zukunft \u2714\",\"breadcrumb\":{\"@id\":\"https:\/\/www.rct-online.de\/magazin\/150-jahre-periodensystem-der-chemischen-elemente\/#breadcrumb\"},\"inLanguage\":\"de\",\"potentialAction\":[{\"@type\":\"ReadAction\",\"target\":[\"https:\/\/www.rct-online.de\/magazin\/150-jahre-periodensystem-der-chemischen-elemente\/\"]}]},{\"@type\":\"ImageObject\",\"inLanguage\":\"de\",\"@id\":\"https:\/\/www.rct-online.de\/magazin\/150-jahre-periodensystem-der-chemischen-elemente\/#primaryimage\",\"url\":\"https:\/\/www.rct-online.de\/magazin\/wp-content\/uploads\/2019\/12\/150-jahre-periodensystem-der-chemischen-elemente.jpg\",\"contentUrl\":\"https:\/\/www.rct-online.de\/magazin\/wp-content\/uploads\/2019\/12\/150-jahre-periodensystem-der-chemischen-elemente.jpg\",\"width\":800,\"height\":519,\"caption\":\"\u00a9 Shawn Hempel \u2013 stock.adobe.com\"},{\"@type\":\"BreadcrumbList\",\"@id\":\"https:\/\/www.rct-online.de\/magazin\/150-jahre-periodensystem-der-chemischen-elemente\/#breadcrumb\",\"itemListElement\":[{\"@type\":\"ListItem\",\"position\":1,\"name\":\"Startseite\",\"item\":\"https:\/\/www.rct-online.de\/magazin\/\"},{\"@type\":\"ListItem\",\"position\":2,\"name\":\"150 Jahre Periodensystem der chemischen Elemente\"}]},{\"@type\":\"WebSite\",\"@id\":\"https:\/\/www.rct-online.de\/magazin\/#website\",\"url\":\"https:\/\/www.rct-online.de\/magazin\/\",\"name\":\"Reichelt Chemietechnik Magazin\",\"description\":\"\",\"potentialAction\":[{\"@type\":\"SearchAction\",\"target\":{\"@type\":\"EntryPoint\",\"urlTemplate\":\"https:\/\/www.rct-online.de\/magazin\/?s={search_term_string}\"},\"query-input\":\"required name=search_term_string\"}],\"inLanguage\":\"de\"},{\"@type\":\"Person\",\"@id\":\"https:\/\/www.rct-online.de\/magazin\/#\/schema\/person\/0f7b1ce0db09df0ac190c3971bb12b27\",\"name\":\"Katja Kolocaj\",\"image\":{\"@type\":\"ImageObject\",\"inLanguage\":\"de\",\"@id\":\"https:\/\/www.rct-online.de\/magazin\/#\/schema\/person\/image\/\",\"url\":\"https:\/\/www.rct-online.de\/magazin\/wp-content\/uploads\/2024\/07\/Katja_Kolocaj.jpg\",\"contentUrl\":\"https:\/\/www.rct-online.de\/magazin\/wp-content\/uploads\/2024\/07\/Katja_Kolocaj.jpg\",\"caption\":\"Katja Kolocaj\"},\"description\":\"Als Chemikerin mit dem Forschungsschwerpunkt der Membranfusion ist es eine stetige Herausforderung, Freunden und Verwandten \u00fcber die eigene Forschung verst\u00e4ndlich zu berichten. Daher war es f\u00fcr Katja Kolocaj eine Herzensangelegenheit, als Schulungsreferentin im Apothekenau\u00dfendienst wissenschaftliche Themen f\u00fcr ein Publikum mit unterschiedlichem Wissensstand aufzubereiten und zu \u00fcbermitteln. Dies auch in schriftlicher Form f\u00fcr die RCT Reichelt Chemietechnik zu tun, bereitet ihr gro\u00dfe Freude.\",\"url\":\"https:\/\/www.rct-online.de\/magazin\/author\/k-kolocaj\/\"}]}<\/script>\n<!-- \/ Yoast SEO plugin. -->","yoast_head_json":{"title":"150 Jahre Periodensystem \u2013 Reichelt Chemietechnik Magazin","description":"150 Jahre Periodensystem: Ein Grund zum Feiern! \u2013 Geschichte & Entdecker \u2714 Bedeutung f\u00fcr Mensch & Wissenschaft \u2714 Ausblick in die Zukunft \u2714","robots":{"index":"index","follow":"follow","max-snippet":"max-snippet:-1","max-image-preview":"max-image-preview:large","max-video-preview":"max-video-preview:-1"},"canonical":"https:\/\/www.rct-online.de\/magazin\/150-jahre-periodensystem-der-chemischen-elemente\/","og_locale":"de_DE","og_type":"article","og_title":"150 Jahre Periodensystem \u2013 Reichelt Chemietechnik Magazin","og_description":"150 Jahre Periodensystem: Ein Grund zum Feiern! \u2013 Geschichte & Entdecker \u2714 Bedeutung f\u00fcr Mensch & Wissenschaft \u2714 Ausblick in die Zukunft \u2714","og_url":"https:\/\/www.rct-online.de\/magazin\/150-jahre-periodensystem-der-chemischen-elemente\/","og_site_name":"Reichelt Chemietechnik Magazin","article_published_time":"2019-11-15T14:35:04+00:00","article_modified_time":"2025-04-07T07:58:20+00:00","og_image":[{"width":800,"height":519,"url":"https:\/\/www.rct-online.de\/magazin\/wp-content\/uploads\/2019\/12\/150-jahre-periodensystem-der-chemischen-elemente.jpg","type":"image\/jpeg"}],"author":"Katja Kolocaj","twitter_card":"summary_large_image","twitter_misc":{"Verfasst von":"Katja Kolocaj","Gesch\u00e4tzte Lesezeit":"9\u00a0Minuten"},"schema":{"@context":"https:\/\/schema.org","@graph":[{"@type":"WebPage","@id":"https:\/\/www.rct-online.de\/magazin\/150-jahre-periodensystem-der-chemischen-elemente\/","url":"https:\/\/www.rct-online.de\/magazin\/150-jahre-periodensystem-der-chemischen-elemente\/","name":"150 Jahre Periodensystem \u2013 Reichelt Chemietechnik Magazin","isPartOf":{"@id":"https:\/\/www.rct-online.de\/magazin\/#website"},"primaryImageOfPage":{"@id":"https:\/\/www.rct-online.de\/magazin\/150-jahre-periodensystem-der-chemischen-elemente\/#primaryimage"},"image":{"@id":"https:\/\/www.rct-online.de\/magazin\/150-jahre-periodensystem-der-chemischen-elemente\/#primaryimage"},"thumbnailUrl":"https:\/\/www.rct-online.de\/magazin\/wp-content\/uploads\/2019\/12\/150-jahre-periodensystem-der-chemischen-elemente.jpg","datePublished":"2019-11-15T14:35:04+00:00","dateModified":"2025-04-07T07:58:20+00:00","author":{"@id":"https:\/\/www.rct-online.de\/magazin\/#\/schema\/person\/0f7b1ce0db09df0ac190c3971bb12b27"},"description":"150 Jahre Periodensystem: Ein Grund zum Feiern! \u2013 Geschichte & Entdecker \u2714 Bedeutung f\u00fcr Mensch & Wissenschaft \u2714 Ausblick in die Zukunft \u2714","breadcrumb":{"@id":"https:\/\/www.rct-online.de\/magazin\/150-jahre-periodensystem-der-chemischen-elemente\/#breadcrumb"},"inLanguage":"de","potentialAction":[{"@type":"ReadAction","target":["https:\/\/www.rct-online.de\/magazin\/150-jahre-periodensystem-der-chemischen-elemente\/"]}]},{"@type":"ImageObject","inLanguage":"de","@id":"https:\/\/www.rct-online.de\/magazin\/150-jahre-periodensystem-der-chemischen-elemente\/#primaryimage","url":"https:\/\/www.rct-online.de\/magazin\/wp-content\/uploads\/2019\/12\/150-jahre-periodensystem-der-chemischen-elemente.jpg","contentUrl":"https:\/\/www.rct-online.de\/magazin\/wp-content\/uploads\/2019\/12\/150-jahre-periodensystem-der-chemischen-elemente.jpg","width":800,"height":519,"caption":"\u00a9 Shawn Hempel \u2013 stock.adobe.com"},{"@type":"BreadcrumbList","@id":"https:\/\/www.rct-online.de\/magazin\/150-jahre-periodensystem-der-chemischen-elemente\/#breadcrumb","itemListElement":[{"@type":"ListItem","position":1,"name":"Startseite","item":"https:\/\/www.rct-online.de\/magazin\/"},{"@type":"ListItem","position":2,"name":"150 Jahre Periodensystem der chemischen Elemente"}]},{"@type":"WebSite","@id":"https:\/\/www.rct-online.de\/magazin\/#website","url":"https:\/\/www.rct-online.de\/magazin\/","name":"Reichelt Chemietechnik Magazin","description":"","potentialAction":[{"@type":"SearchAction","target":{"@type":"EntryPoint","urlTemplate":"https:\/\/www.rct-online.de\/magazin\/?s={search_term_string}"},"query-input":"required name=search_term_string"}],"inLanguage":"de"},{"@type":"Person","@id":"https:\/\/www.rct-online.de\/magazin\/#\/schema\/person\/0f7b1ce0db09df0ac190c3971bb12b27","name":"Katja Kolocaj","image":{"@type":"ImageObject","inLanguage":"de","@id":"https:\/\/www.rct-online.de\/magazin\/#\/schema\/person\/image\/","url":"https:\/\/www.rct-online.de\/magazin\/wp-content\/uploads\/2024\/07\/Katja_Kolocaj.jpg","contentUrl":"https:\/\/www.rct-online.de\/magazin\/wp-content\/uploads\/2024\/07\/Katja_Kolocaj.jpg","caption":"Katja Kolocaj"},"description":"Als Chemikerin mit dem Forschungsschwerpunkt der Membranfusion ist es eine stetige Herausforderung, Freunden und Verwandten \u00fcber die eigene Forschung verst\u00e4ndlich zu berichten. Daher war es f\u00fcr Katja Kolocaj eine Herzensangelegenheit, als Schulungsreferentin im Apothekenau\u00dfendienst wissenschaftliche Themen f\u00fcr ein Publikum mit unterschiedlichem Wissensstand aufzubereiten und zu \u00fcbermitteln. Dies auch in schriftlicher Form f\u00fcr die RCT Reichelt Chemietechnik zu tun, bereitet ihr gro\u00dfe Freude.","url":"https:\/\/www.rct-online.de\/magazin\/author\/k-kolocaj\/"}]}},"_links":{"self":[{"href":"https:\/\/www.rct-online.de\/magazin\/wp-json\/wp\/v2\/posts\/4219"}],"collection":[{"href":"https:\/\/www.rct-online.de\/magazin\/wp-json\/wp\/v2\/posts"}],"about":[{"href":"https:\/\/www.rct-online.de\/magazin\/wp-json\/wp\/v2\/types\/post"}],"author":[{"embeddable":true,"href":"https:\/\/www.rct-online.de\/magazin\/wp-json\/wp\/v2\/users\/11"}],"replies":[{"embeddable":true,"href":"https:\/\/www.rct-online.de\/magazin\/wp-json\/wp\/v2\/comments?post=4219"}],"version-history":[{"count":24,"href":"https:\/\/www.rct-online.de\/magazin\/wp-json\/wp\/v2\/posts\/4219\/revisions"}],"predecessor-version":[{"id":4222,"href":"https:\/\/www.rct-online.de\/magazin\/wp-json\/wp\/v2\/posts\/4219\/revisions\/4222"}],"wp:featuredmedia":[{"embeddable":true,"href":"https:\/\/www.rct-online.de\/magazin\/wp-json\/wp\/v2\/media\/4224"}],"wp:attachment":[{"href":"https:\/\/www.rct-online.de\/magazin\/wp-json\/wp\/v2\/media?parent=4219"}],"wp:term":[{"taxonomy":"category","embeddable":true,"href":"https:\/\/www.rct-online.de\/magazin\/wp-json\/wp\/v2\/categories?post=4219"},{"taxonomy":"post_tag","embeddable":true,"href":"https:\/\/www.rct-online.de\/magazin\/wp-json\/wp\/v2\/tags?post=4219"}],"curies":[{"name":"wp","href":"https:\/\/api.w.org\/{rel}","templated":true}]}}