{"id":3827,"date":"2019-06-28T10:16:45","date_gmt":"2019-06-28T08:16:45","guid":{"rendered":"https:\/\/www.rct-online.de\/magazin\/?p=3827"},"modified":"2025-04-07T09:59:11","modified_gmt":"2025-04-07T07:59:11","slug":"treibhausgase","status":"publish","type":"post","link":"https:\/\/www.rct-online.de\/magazin\/treibhausgase\/","title":{"rendered":"Was sind Treibhausgase?"},"content":{"rendered":"<div id=\"ez-toc-container\" class=\"ez-toc-v2_0_73 ez-toc-wrap-center counter-hierarchy ez-toc-counter ez-toc-white ez-toc-container-direction\">\n<div class=\"ez-toc-title-container\">\n<p class=\"ez-toc-title\" style=\"cursor:inherit\">Inhaltsverzeichnis<\/p>\n<span class=\"ez-toc-title-toggle\"><a href=\"#\" class=\"ez-toc-pull-right ez-toc-btn ez-toc-btn-xs ez-toc-btn-default ez-toc-toggle\" aria-label=\"Toggle Table of Content\"><span class=\"ez-toc-js-icon-con\"><span class=\"\"><span class=\"eztoc-hide\" style=\"display:none;\">Toggle<\/span><span class=\"ez-toc-icon-toggle-span\"><svg style=\"fill: #999;color:#999\" xmlns=\"http:\/\/www.w3.org\/2000\/svg\" class=\"list-377408\" width=\"20px\" height=\"20px\" viewBox=\"0 0 24 24\" fill=\"none\"><path d=\"M6 6H4v2h2V6zm14 0H8v2h12V6zM4 11h2v2H4v-2zm16 0H8v2h12v-2zM4 16h2v2H4v-2zm16 0H8v2h12v-2z\" fill=\"currentColor\"><\/path><\/svg><svg style=\"fill: #999;color:#999\" class=\"arrow-unsorted-368013\" xmlns=\"http:\/\/www.w3.org\/2000\/svg\" width=\"10px\" height=\"10px\" viewBox=\"0 0 24 24\" version=\"1.2\" baseProfile=\"tiny\"><path d=\"M18.2 9.3l-6.2-6.3-6.2 6.3c-.2.2-.3.4-.3.7s.1.5.3.7c.2.2.4.3.7.3h11c.3 0 .5-.1.7-.3.2-.2.3-.5.3-.7s-.1-.5-.3-.7zM5.8 14.7l6.2 6.3 6.2-6.3c.2-.2.3-.5.3-.7s-.1-.5-.3-.7c-.2-.2-.4-.3-.7-.3h-11c-.3 0-.5.1-.7.3-.2.2-.3.5-.3.7s.1.5.3.7z\"\/><\/svg><\/span><\/span><\/span><\/a><\/span><\/div>\n<nav><ul class='ez-toc-list ez-toc-list-level-1 ' ><li class='ez-toc-page-1 ez-toc-heading-level-2'><a class=\"ez-toc-link ez-toc-heading-1\" href=\"https:\/\/www.rct-online.de\/magazin\/treibhausgase\/#Die_Luft_die_wir_atmen\" title=\"Die Luft, die wir atmen\">Die Luft, die wir atmen<\/a><\/li><li class='ez-toc-page-1 ez-toc-heading-level-2'><a class=\"ez-toc-link ez-toc-heading-2\" href=\"https:\/\/www.rct-online.de\/magazin\/treibhausgase\/#Kleine_Konzentrationen_grosser_Effekt_auf_unsere_Umwelt\" title=\"Kleine Konzentrationen, gro\u00dfer Effekt auf unsere Umwelt\">Kleine Konzentrationen, gro\u00dfer Effekt auf unsere Umwelt<\/a><\/li><li class='ez-toc-page-1 ez-toc-heading-level-2'><a class=\"ez-toc-link ez-toc-heading-3\" href=\"https:\/\/www.rct-online.de\/magazin\/treibhausgase\/#Der_Treibhauseffekt\" title=\"Der Treibhauseffekt\">Der Treibhauseffekt<\/a><\/li><li class='ez-toc-page-1 ez-toc-heading-level-2'><a class=\"ez-toc-link ez-toc-heading-4\" href=\"https:\/\/www.rct-online.de\/magazin\/treibhausgase\/#Die_Dosis_macht_das_Gift\" title=\"Die Dosis macht das Gift\">Die Dosis macht das Gift<\/a><\/li><li class='ez-toc-page-1 ez-toc-heading-level-2'><a class=\"ez-toc-link ez-toc-heading-5\" href=\"https:\/\/www.rct-online.de\/magazin\/treibhausgase\/#Klimaschutz_ist_auch_Umweltschutz\" title=\"Klimaschutz ist auch Umweltschutz\">Klimaschutz ist auch Umweltschutz<\/a><\/li><\/ul><\/nav><\/div>\n<p style=\"text-align: justify;\"><strong>Die Diskussion um die Klimaerw\u00e4rmung und die Treibhausgase, die diese verantworten, wird seit Jahren intensiv gef\u00fchrt. Dass der Klimawandel real ist und zum gro\u00dfen Teil auf menschliche Aktivit\u00e4ten zur\u00fcckzuf\u00fchren ist, ist durch zahlreiche Studien belegt und wird von der \u00fcberwiegenden Mehrheit der Klimaforscher vertreten. Doch nicht nur die klimatischen Ver\u00e4nderungen sind real, sondern auch deren Auswirkungen und Gefahren f\u00fcr den Planeten und den Menschen. Daher lohnt sich ein genauerer Blick auf die Treibhausgase: Welche gibt es, wo kommen sie her und worin besteht die Gefahr dieser Gase?<\/strong><\/p>\n<h2><span class=\"ez-toc-section\" id=\"Die_Luft_die_wir_atmen\"><\/span>Die Luft, die wir atmen<span class=\"ez-toc-section-end\"><\/span><\/h2>\n<p style=\"text-align: justify;\">Unsere Atmosph\u00e4re besteht im Wesentlichen aus zwei Komponenten: aus Stickstoff und Sauerstoff, wobei Stickstoff mit 78,08 % den gr\u00f6\u00dften Anteil ausmacht und Sauerstoff einen Anteil von 20,95 % hat. Das restliche Prozent der Luft verteilt sich auf unterschiedliche Spurengase. Damit sind jene Gase gemeint, die nur einen Bruchteil der Zusammensetzung der Atmosph\u00e4re ausmachen. Mit 0,93 % ist das Edelgas Argon das h\u00e4ufigste Spurengas. Rechnet man diese drei Gase zusammen, bleiben nur noch 0,04 % f\u00fcr die Treibhausgase \u00fcbrig, die unser Klima bedrohen.<\/p>\n<p><center><a href=\"https:\/\/www.rct-online.de\/de\/schlaeuche\/harte-kunststoffschlaeuche-kunststoffrohre\/ptfe-schlaeuche\/ptfe-chemieschlauch-standard\"><img loading=\"lazy\" decoding=\"async\" class=\"alignnone wp-image-3856 size-full\" title=\"PTFE-Chemieschlauch\" src=\"https:\/\/www.rct-online.de\/magazin\/wp-content\/uploads\/2019\/07\/ptfe-chemieschlauch.jpg\" alt=\"ptfe-chemieschlauch\" width=\"300\" height=\"300\" srcset=\"https:\/\/www.rct-online.de\/magazin\/wp-content\/uploads\/2019\/07\/ptfe-chemieschlauch.jpg 300w, https:\/\/www.rct-online.de\/magazin\/wp-content\/uploads\/2019\/07\/ptfe-chemieschlauch-150x150.jpg 150w\" sizes=\"(max-width: 300px) 100vw, 300px\" \/><\/a> <a href=\"https:\/\/www.rct-online.de\/de\/schlaeuche\/gummischlaeuche-elastomerschlaeuche\/silikon-schlaeuche\/silikon-chemieschlauch-standard\"><img loading=\"lazy\" decoding=\"async\" class=\"alignnone wp-image-3857 size-full\" title=\"Silikon-Chemieschlauch - Standard\" src=\"https:\/\/www.rct-online.de\/magazin\/wp-content\/uploads\/2019\/07\/silikon-chemieschlauch-standard.jpg\" alt=\"silikon-chemieschlauch-standard\" width=\"300\" height=\"300\" srcset=\"https:\/\/www.rct-online.de\/magazin\/wp-content\/uploads\/2019\/07\/silikon-chemieschlauch-standard.jpg 300w, https:\/\/www.rct-online.de\/magazin\/wp-content\/uploads\/2019\/07\/silikon-chemieschlauch-standard-150x150.jpg 150w\" sizes=\"(max-width: 300px) 100vw, 300px\" \/><\/a><\/center><\/p>\n<p style=\"text-align: justify;\">Die Treibhausgase sind nicht alle auf den Menschen zur\u00fcckzuf\u00fchren, sondern entstehen auch auf nat\u00fcrlichen Wegen. So ist deren Vorhandensein in der Erdatmosph\u00e4re per se kein Problem, wichtig ist die Konzentration, mit welcher diese vorhanden sind. Die genannten restlichen 0,04 % bestehen fast vollst\u00e4ndig aus Kohlenstoffdioxid, genau sind es derzeit 0,038 %. Alle anderen Treibhausgase sind nur in Gr\u00f6\u00dfenordnungen von ppm, ppb oder ppt vorhanden. Diese Abk\u00fcrzungen stehen f\u00fcr \u201eparts per million\u201c (bzw. billion oder trillion). Das hei\u00dft, nur jedes Millionste (ppm), Milliardste (ppb) oder Billionste (ppt) Molek\u00fcl ist ein Treibhausgasmolek\u00fcl.<\/p>\n<p style=\"text-align: justify;\">Die Konzentrationen sind demnach extrem gering, weshalb schon bei geringen Konzentrations\u00e4nderungen dieser Gase in der Atmosph\u00e4re das nat\u00fcrliche Gleichgewicht schnell kippen kann. Neben diesen Gasen finden sich in der Luft noch Wasserdampf und feste Partikel wie Staub, hier macht gelegentlich sogar Sandstaub aus der Sahara von sich reden, Ru\u00dfteilchen aus Autoabgasen, Aschepartikel aus Feuerungsanlagen und Pollen, welche besonders im Fr\u00fchjahr un\u00fcbersehbar sind und Allergikern zu schaffen machen.<\/p>\n<figure id=\"attachment_3833\" aria-describedby=\"caption-attachment-3833\" style=\"width: 600px\" class=\"wp-caption aligncenter\"><img loading=\"lazy\" decoding=\"async\" class=\"wp-image-3833 size-full\" title=\"CO2 in der Luft\" src=\"https:\/\/www.rct-online.de\/magazin\/wp-content\/uploads\/2019\/07\/CO2-in-der-Luft.jpg\" alt=\"CO2 in der Luft\" width=\"600\" height=\"400\" srcset=\"https:\/\/www.rct-online.de\/magazin\/wp-content\/uploads\/2019\/07\/CO2-in-der-Luft.jpg 600w, https:\/\/www.rct-online.de\/magazin\/wp-content\/uploads\/2019\/07\/CO2-in-der-Luft-300x200.jpg 300w\" sizes=\"(max-width: 600px) 100vw, 600px\" \/><figcaption id=\"caption-attachment-3833\" class=\"wp-caption-text\">\u00a9 acinquantadue \u2013 stock.adobe.com<\/figcaption><\/figure>\n<h2><span class=\"ez-toc-section\" id=\"Kleine_Konzentrationen_grosser_Effekt_auf_unsere_Umwelt\"><\/span>Kleine Konzentrationen, gro\u00dfer Effekt auf unsere Umwelt<span class=\"ez-toc-section-end\"><\/span><\/h2>\n<p style=\"text-align: justify;\">Die Treibhausgase sind, allein durch die Bezeichnung, untrennbar mit dem Treibhauseffekt verbunden. Besonders in den letzten Jahren wurde der Begriff \u201eTreibhauseffekt\u201c oft zu negativ konnotiert, denn er ist ein vollkommen nat\u00fcrlicher Vorgang, ohne den kein Leben auf der Erde m\u00f6glich w\u00e4re. G\u00e4be es keine nat\u00fcrlichen Treibhausgase, w\u00fcrde auf der Erde eine Durchschnittstemperatur von -18 \u00b0C vorherrschen; dank des Treibhauseffekts betr\u00e4gt diese jedoch +15 \u00b0C.<\/p>\n<p style=\"text-align: justify;\">Den gr\u00f6\u00dften Anteil an diesem Effekt haben Wasserdampf mit 62 % und Kohlendioxid mit 20 %. Obwohl Kohlenstoffdioxid als Spurengas nur weniger als 0,04 % der Luft ausmacht, spielt es dennoch eine gro\u00dfe Rolle f\u00fcr unser Klima. Daher ist es von gro\u00dfer Wichtigkeit, dass sich der Anteil nicht stark ver\u00e4ndert, um die Temperatur auf der Erde bei +15 \u00b0C halten zu k\u00f6nnen.<\/p>\n<h2><span class=\"ez-toc-section\" id=\"Der_Treibhauseffekt\"><\/span>Der Treibhauseffekt<span class=\"ez-toc-section-end\"><\/span><\/h2>\n<p style=\"text-align: justify;\">Doch wie tragen diese Gase eigentlich zur Erw\u00e4rmung unseres Planeten bei? Per elektromagnetischer Wellen, haupts\u00e4chlich im Wellenbereich des sichtbaren Lichtes zwischen 450 und 650 nm, strahlt die Sonne Energie auf unseren Planeten.<\/p>\n<p><center><a href=\"https:\/\/www.rct-online.de\/de\/schlauchverbinder\/verbinder-aus-kunststoff\/verschraubungen-fuer-harte-schlaeuche-und-rohre\/gerader-rohrverbinder-mit-aussengewinde-aus-pp-pvdf-oder-ptfe\"><img loading=\"lazy\" decoding=\"async\" class=\"alignnone wp-image-3861 size-full\" title=\"Gerader-Rohrverbinder mit Au\u00dfengewinde aus PP, PVDF oder PTFE\" src=\"https:\/\/www.rct-online.de\/magazin\/wp-content\/uploads\/2019\/07\/gerader-rohrverbinder-mit-aussengewinde-aus-pp-pvdf-oder-ptfe.jpg\" alt=\"gerader-rohrverbinder-mit-aussengewinde-aus-pp-pvdf-oder-ptfe\" width=\"300\" height=\"300\" srcset=\"https:\/\/www.rct-online.de\/magazin\/wp-content\/uploads\/2019\/07\/gerader-rohrverbinder-mit-aussengewinde-aus-pp-pvdf-oder-ptfe.jpg 300w, https:\/\/www.rct-online.de\/magazin\/wp-content\/uploads\/2019\/07\/gerader-rohrverbinder-mit-aussengewinde-aus-pp-pvdf-oder-ptfe-150x150.jpg 150w\" sizes=\"(max-width: 300px) 100vw, 300px\" \/><\/a> <a href=\"https:\/\/www.rct-online.de\/de\/schlauchverbinder\/verbinder-aus-kunststoff\/schlauchtuellen\/gerade-schlauchtuelle-mit-aussengewinde-aus-pp-pvdf-oder-ptfe\"><img loading=\"lazy\" decoding=\"async\" class=\"alignnone wp-image-3862 size-full\" title=\"Gerade-Schlaucht\u00fclle mit Au\u00dfengewinde aus PP, PVDF oder PTFE\" src=\"https:\/\/www.rct-online.de\/magazin\/wp-content\/uploads\/2019\/07\/gerade-schlauchtuelle-mit-aussengewinde-aus-pp-pvdf-oder-ptfe.jpg\" alt=\"gerade-schlauchtuelle-mit-aussengewinde-aus-pp-pvdf-oder-ptfe\" width=\"300\" height=\"300\" srcset=\"https:\/\/www.rct-online.de\/magazin\/wp-content\/uploads\/2019\/07\/gerade-schlauchtuelle-mit-aussengewinde-aus-pp-pvdf-oder-ptfe.jpg 300w, https:\/\/www.rct-online.de\/magazin\/wp-content\/uploads\/2019\/07\/gerade-schlauchtuelle-mit-aussengewinde-aus-pp-pvdf-oder-ptfe-150x150.jpg 150w\" sizes=\"(max-width: 300px) 100vw, 300px\" \/><\/a><\/center><\/p>\n<p style=\"text-align: justify;\">Die Sonnenenergie trifft auf die Erdoberfl\u00e4che, auf die Landmassen und Ozeane, die sich dadurch erw\u00e4rmen. Sie reflektieren einen Teil der aufgenommenen Energie, diese jedoch nicht mehr im sichtbaren, sondern im infraroten Wellenl\u00e4ngenbereich, der oberhalb von 650 nm liegt. W\u00e4hrend die Erdatmosph\u00e4re f\u00fcr das einstrahlende, kurzwelligere und sichtbare Sonnenlicht weitgehend durchl\u00e4ssig ist, wird die reflektierte, langwelligere Infrarotstrahlung, die W\u00e4rmestrahlung, von den Spurengasen in der Erdatmosph\u00e4re, von Kohlenstoffdioxid und anderen Treibhausgasen, teilweise zur\u00fcck gehalten. Dadurch erw\u00e4rmt sich die Atmosph\u00e4re, was wiederum die weitere Erw\u00e4rmung der Erdoberfl\u00e4che zur Folge hat.<\/p>\n<p style=\"text-align: justify;\">Dieser Effekt wird als Treibhauseffekt bezeichnet. Er sorgt im Grunde daf\u00fcr, dass das Leben, wie wir es kennen, auf unserem Planeten existieren kann. Denn w\u00fcrde der Anteil an nat\u00fcrlichen Treibhausgasen ma\u00dfgeblich sinken, w\u00fcrde weniger W\u00e4rmestrahlung absorbiert und die Erde w\u00fcrde sich abk\u00fchlen. Durch die Erh\u00f6hung der Treibhausgaskonzentrationen wird dementsprechend mehr Sonnenenergie absorbiert und die Erdatmosph\u00e4re heizt sich auf. Dies f\u00fchrt, wenn das globale Gleichgewicht zwischen eingestrahlter und abgestrahlter W\u00e4rmeenergie gest\u00f6rt wird, zum Klimawandel, der eine akute Bedrohung f\u00fcr uns und unsere Umwelt darstellt.<\/p>\n<figure id=\"attachment_3836\" aria-describedby=\"caption-attachment-3836\" style=\"width: 600px\" class=\"wp-caption aligncenter\"><img loading=\"lazy\" decoding=\"async\" class=\"wp-image-3836 size-full\" title=\"Strahlungshaushalt der Erde\" src=\"https:\/\/www.rct-online.de\/magazin\/wp-content\/uploads\/2019\/07\/Strahlungshaushalt-der-Erde.jpg\" alt=\"Strahlungshaushalt der Erde\" width=\"600\" height=\"484\" srcset=\"https:\/\/www.rct-online.de\/magazin\/wp-content\/uploads\/2019\/07\/Strahlungshaushalt-der-Erde.jpg 600w, https:\/\/www.rct-online.de\/magazin\/wp-content\/uploads\/2019\/07\/Strahlungshaushalt-der-Erde-300x242.jpg 300w\" sizes=\"(max-width: 600px) 100vw, 600px\" \/><figcaption id=\"caption-attachment-3836\" class=\"wp-caption-text\">Strahlungshaushalt der Erde f\u00fcr den Zeitraum M\u00e4rz 2000 &#8211; Mai 2004 (Nach Trenberth, Fasullo und Kiehl (2009): Earth&#8217;s global energy budget)<\/figcaption><\/figure>\n<h2><span class=\"ez-toc-section\" id=\"Die_Dosis_macht_das_Gift\"><\/span>Die Dosis macht das Gift<span class=\"ez-toc-section-end\"><\/span><\/h2>\n<p style=\"text-align: justify;\">Kohlenstoffdioxid spielt unter den Treibhausgasen die gr\u00f6\u00dfte Rolle. Wichtig ist hier nicht nur der Aussto\u00df, sondern auch der nat\u00fcrliche Verbrauch. Denn Kohlenstoffdioxid spielt eine wichtige Rolle bei Prozessen wie der Photosynthese. In diesem Sinne ist es richtig, wenn man sagt, dass Pflanzen Kohlendioxid verbrauchen. Auch in den Ozeanen l\u00f6st sich das Gas und wird so ebenfalls dem Treibhauseffekt entzogen. Diese nat\u00fcrlichen Prozesse sorgen f\u00fcr das Gleichgewicht, welches f\u00fcr unser Klima so wichtig ist. Wird Kohlenstoffdioxid jedoch zus\u00e4tzlich ausgesto\u00dfen, z.B. durch menschliche Aktivit\u00e4ten, wird das Gleichgewicht gest\u00f6rt.<\/p>\n<p style=\"text-align: justify;\">Dar\u00fcber hinaus wird durch die Abholzung der Regenw\u00e4lder die M\u00f6glichkeit begrenzt, Kohlenstoffdioxid aus der Atmosph\u00e4re zu binden. Diese W\u00e4lder sind \u201eKohlenstoffsenken\u201c, denn sie fixieren Kohlenstoff durch die Bildung von Biomasse, haupts\u00e4chlich Cellulose, und setzen dabei Sauerstoff frei. Nicht umsonst werden sie deshalb auch als die \u201egr\u00fcnen Lungen\u201c unseres Planeten bezeichnet. Der Effekt von Kohlenstoffdioxid auf die Erderw\u00e4rmung ist so stark, dass eine Studie im Jahr 2016 des Max-Planck-Institutes f\u00fcr Meteorologie in Hamburg und des amerikanischen National Snow and Ice Data Center eine direkte Beziehung zwischen dem Aussto\u00df des Gases und dem Schmelzen des arktischen Sommer-Meereis herstellen konnte: Eine Tonne CO<sub>2<\/sub> mehr in der Atmosph\u00e4re bedeuten drei Quadratmeter weniger Meereis im arktischen Sommer.<\/p>\n<figure id=\"attachment_3839\" aria-describedby=\"caption-attachment-3839\" style=\"width: 600px\" class=\"wp-caption aligncenter\"><img loading=\"lazy\" decoding=\"async\" class=\"wp-image-3839 size-full\" title=\"Demonstranten halten Klimawandel-Plakat bei einem Protest | THERE IS NO PLANET B\" src=\"https:\/\/www.rct-online.de\/magazin\/wp-content\/uploads\/2019\/07\/klimawandel-plakat.jpg\" alt=\"klimawandel-plakat\" width=\"600\" height=\"400\" srcset=\"https:\/\/www.rct-online.de\/magazin\/wp-content\/uploads\/2019\/07\/klimawandel-plakat.jpg 600w, https:\/\/www.rct-online.de\/magazin\/wp-content\/uploads\/2019\/07\/klimawandel-plakat-300x200.jpg 300w\" sizes=\"(max-width: 600px) 100vw, 600px\" \/><figcaption id=\"caption-attachment-3839\" class=\"wp-caption-text\">\u00a9 ink drop \u2013 stock.adobe.com<\/figcaption><\/figure>\n<p style=\"text-align: justify;\">Neben Kohlenstoffdioxid sind noch weitere Spurengase f\u00fcr den Treibhauseffekt und damit f\u00fcr die Erw\u00e4rmung der Erdatmosph\u00e4re verantwortlich. Zu diesen Gasen z\u00e4hlen Methan (CH<sub>4<\/sub>), Distickstoffmonoxid (N<sub>2<\/sub>O), Schwefelhexafluorid (SF<sub>6<\/sub>) und Fluorchlorkohlenwasserstoffe, wie CFCl<sub>3<\/sub> und CF<sub>2<\/sub>Cl<sub>2<\/sub>.<\/p>\n<blockquote>\n<p style=\"text-align: justify;\">Alle diese anthropogenen Gase kommen zwar nur in \u00e4u\u00dferst geringen Konzentrationen in der Atmosph\u00e4re vor, haben aber einen viel gr\u00f6\u00dferen Einfluss auf den Treibhauseffekt als Kohlenstoffdioxid.<\/p>\n<\/blockquote>\n<p style=\"text-align: justify;\">Methan entsteht bei der Land- und Forstwirtschaft haupts\u00e4chlich als \u201eFaulgas\u201c bei der Verrottung organischen Materials unter Luftabschluss, beispielsweise in Biogasanlagen, aber auch bei unsachgem\u00e4\u00dfer Gr\u00fcn-, Mist- oder G\u00fclled\u00fcngung und beim Reisanbau in Nasskultur. Dar\u00fcber hinaus entsteht es im industriellen Bereich bei der Verarbeitung von Erdgas oder als Abgas. Methan ist 25 Mal so aktiv wie Kohlenstoffdioxid und tr\u00e4gt damit bis zu 20 % zum anthropogenen, auf das Wirken der Menschen zur\u00fcck zu f\u00fchrenden Treibhauseffekt bei. Seine Verweildauer in der Atmosph\u00e4re wird mit 9 bis 15 Jahren angegeben. Das bedeutet, dass heute in die Atmosph\u00e4re entlassenes Gas sich erst nach dieser Zeit vollst\u00e4ndig zu klimaneutralen Verbindungen umgewandelt hat.<\/p>\n<p style=\"text-align: justify;\">Distickstoffmonoxid, das sogenannte Lachgas, ist 298 Mal so wirksam wie Kohlenstoffdioxid. Es hat eine Verweildauer in der Atmosph\u00e4re zwischen 120 und 130 Jahren und stammt ebenfalls haupts\u00e4chlich aus der Landwirtschaft, hier vorwiegend aus der reichlichen Stickstoffd\u00fcngung. Die Konzentration in der Atmosph\u00e4re liegt im ppb-Bereich und ist damit sehr gering. Dennoch betr\u00e4gt dessen Anteil am anthropogenen Treibhauseffekt etwa 6 %. Durch Eiskernbohrungen konnte nachgewiesen werden, dass die Konzentration an Lachgas heute messbar h\u00f6her ist als vor 800.000 Jahren.<\/p>\n<figure id=\"attachment_3854\" aria-describedby=\"caption-attachment-3854\" style=\"width: 600px\" class=\"wp-caption aligncenter\"><img loading=\"lazy\" decoding=\"async\" class=\"wp-image-3854 size-full\" title=\"Luftverschmutzung\" src=\"https:\/\/www.rct-online.de\/magazin\/wp-content\/uploads\/2019\/07\/Luftverschmutzung.jpg\" alt=\"Luftverschmutzung\" width=\"600\" height=\"388\" srcset=\"https:\/\/www.rct-online.de\/magazin\/wp-content\/uploads\/2019\/07\/Luftverschmutzung.jpg 600w, https:\/\/www.rct-online.de\/magazin\/wp-content\/uploads\/2019\/07\/Luftverschmutzung-300x194.jpg 300w\" sizes=\"(max-width: 600px) 100vw, 600px\" \/><figcaption id=\"caption-attachment-3854\" class=\"wp-caption-text\">\u00a9 Jaroslav Moravcik \u2013 stock.adobe.com<\/figcaption><\/figure>\n<p style=\"text-align: justify;\">Die Fluorchlorkohlenwasserstoffe, die sogenannten FCKWs, die auch unter dem Handelsnamen Freone<sup>\u00ae<\/sup> bekannt sind, galten lange Zeit als unsch\u00e4dlich f\u00fcr Mensch und Umwelt. Sie wurden weltweit als K\u00fchlmittel in K\u00fchlschr\u00e4nken, als Treibgase f\u00fcr Spr\u00fchdosen, als industrielle Reinigungs- und L\u00f6sungsmittel und zum Sch\u00e4umen von Kunststoffen f\u00fcr die Bauindustrie eingesetzt. Ihre Entsorgung erfolgte zum Gro\u00dfteil in die Atmosph\u00e4re, bis sich in den 1980er Jahren herausstellte, dass sie die Ozonschicht in der Stratosph\u00e4re, der nat\u00fcrliche UV-Filter f\u00fcr unser Sonnenlicht, zerst\u00f6ren.<\/p>\n<p style=\"text-align: justify;\">Die Fluorchlorkohlenwasserstoffe erwiesen sich dar\u00fcber hinaus auch als hochwirksame Treibhausgase, deren Verweilzeit in der Atmosph\u00e4re je nach chemischer Zusammensetzung zwischen 45 und 100 Jahren betr\u00e4gt. Obwohl auf der Internationalen Konferenz zum Schutz der Ozonschicht in London im Jahre 1990 beschlossen wurde, ab dem Jahr 2000 auf Erzeugung und Einsatz von FCKWs zu verzichten, werden sie vor allem von asiatischen Produzenten nach wie vor zur Produktion von gesch\u00e4umten Baustoffen eingesetzt.<\/p>\n<figure id=\"attachment_3841\" aria-describedby=\"caption-attachment-3841\" style=\"width: 600px\" class=\"wp-caption aligncenter\"><img loading=\"lazy\" decoding=\"async\" class=\"wp-image-3841 size-full\" title=\"Treibhausgasemission nach Sektor\" src=\"https:\/\/www.rct-online.de\/magazin\/wp-content\/uploads\/2019\/07\/Treibhausgasemission.jpg\" alt=\"Treibhausgasemission\" width=\"600\" height=\"519\" srcset=\"https:\/\/www.rct-online.de\/magazin\/wp-content\/uploads\/2019\/07\/Treibhausgasemission.jpg 600w, https:\/\/www.rct-online.de\/magazin\/wp-content\/uploads\/2019\/07\/Treibhausgasemission-300x260.jpg 300w\" sizes=\"(max-width: 600px) 100vw, 600px\" \/><figcaption id=\"caption-attachment-3841\" class=\"wp-caption-text\">Treibhausgasemission nach Sektor f\u00fcr das Jahr 2000 (Auf Grundlage der Emission Database for Global Atmospheric Research) | \u00a9 Robert A. Rohde, Setreset, Matt, Cepheiden \u2013 de.wikipedia.org<\/figcaption><\/figure>\n<p style=\"text-align: justify;\">Den st\u00e4rksten Effekt hat jedoch Schwefelhexafluorid, ein ungiftiges, reaktionstr\u00e4ges Gas. Dieses ist 22900 Mal so aktiv wie Kohlenstoffdioxid. Es wird als Schutzgas bei der Gewinnung von Magnesium verwendet und wegen seiner elektrischen Durchschlagfestigkeit als Isoliergas in hermetisierten Hochspannungsschaltanlagen eingesetzt. Vor allem aus undichten Anlagen kann das Gas unbemerkt in die Atmosph\u00e4re gelangen, in der es eine Verweilzeit von etwa 3200 Jahren hat.<\/p>\n<h2><span class=\"ez-toc-section\" id=\"Klimaschutz_ist_auch_Umweltschutz\"><\/span>Klimaschutz ist auch Umweltschutz<span class=\"ez-toc-section-end\"><\/span><\/h2>\n<p style=\"text-align: justify;\">Viele Faktoren bestimmen unser Klima und ein warmer Sommer macht noch keine Erderw\u00e4rmung. Der Effekt der verschiedenen Treibhausgase ist allerdings wissenschaftlich erwiesen und ebenso ihre erh\u00f6hten Konzentrationen in unserer Erdatmosph\u00e4re. Um die Temperatur der Erde konstant zu halten, ist es unerl\u00e4sslich, das Gleichgewicht der nat\u00fcrlichen Treibhausgase in der Erdatmosph\u00e4re nicht zu st\u00f6ren und Emissionen anthropogener Treibhausgase zu vermeiden.<\/p>\n<figure id=\"attachment_3845\" aria-describedby=\"caption-attachment-3845\" style=\"width: 600px\" class=\"wp-caption aligncenter\"><img loading=\"lazy\" decoding=\"async\" class=\"wp-image-3845 size-full\" title=\"Menschen protestieren im Rahmen eines Marsches zum Klimawandel\" src=\"https:\/\/www.rct-online.de\/magazin\/wp-content\/uploads\/2019\/07\/Menschen-protestieren-im-Rahmen-eines-Marsches-zum-Klimawandel.jpg\" alt=\"Menschen protestieren im Rahmen eines Marsches zum Klimawandel\" width=\"600\" height=\"400\" srcset=\"https:\/\/www.rct-online.de\/magazin\/wp-content\/uploads\/2019\/07\/Menschen-protestieren-im-Rahmen-eines-Marsches-zum-Klimawandel.jpg 600w, https:\/\/www.rct-online.de\/magazin\/wp-content\/uploads\/2019\/07\/Menschen-protestieren-im-Rahmen-eines-Marsches-zum-Klimawandel-300x200.jpg 300w\" sizes=\"(max-width: 600px) 100vw, 600px\" \/><figcaption id=\"caption-attachment-3845\" class=\"wp-caption-text\">\u00a9 ink drop \u2013 stock.adobe.com<\/figcaption><\/figure>\n<p style=\"text-align: justify;\">Die Rodung der Regenw\u00e4lder, die \u00fcberm\u00e4\u00dfig wachsende Landwirtschaft und der Aussto\u00df von Abgasen durch Industrie und Verkehr geben Anlass f\u00fcr Besorgnis. Noch kann der Klimawandel begrenzt werden, wenn global schnelle und radikale Ma\u00dfnahmen zum Schutz der Erdatmosph\u00e4re beschlossen und in aktiven Klimaschutz umgesetzt werden. Unser Klima und unsere Kinder werden uns daf\u00fcr danken.<\/p>\n","protected":false},"excerpt":{"rendered":"<p>Die Diskussion um die Klimaerw\u00e4rmung und die Treibhausgase, die diese verantworten, wird seit Jahren intensiv gef\u00fchrt. Dass der Klimawandel real ist und zum gro\u00dfen Teil auf menschliche Aktivit\u00e4ten zur\u00fcckzuf\u00fchren ist, ist durch zahlreiche Studien belegt und wird von der \u00fcberwiegenden Mehrheit der Klimaforscher vertreten. Doch nicht nur die klimatischen Ver\u00e4nderungen sind real, sondern auch deren &hellip;<\/p>\n","protected":false},"author":7,"featured_media":3830,"comment_status":"closed","ping_status":"open","sticky":false,"template":"","format":"standard","meta":{"footnotes":""},"categories":[117,2747],"tags":[567,645,408,565,413,651,47,18,206,205,207,19,443,652,650,633,653],"class_list":["post-3827","post","type-post","status-publish","format-standard","has-post-thumbnail","","category-alle-beitraege","category-werkstoffe-in-der-chemie","tag-aussengewinde","tag-chemieschlauch","tag-co2","tag-gerade","tag-klimaschutz","tag-luft","tag-pp","tag-ptfe","tag-pvdf","tag-rohrverbinder","tag-schlauchtuelle","tag-silikon","tag-standard","tag-treibhauseffekt","tag-treibhausgase","tag-umwelt","tag-umweltschutz"],"yoast_head":"<!-- This site is optimized with the Yoast SEO plugin v23.1 - https:\/\/yoast.com\/wordpress\/plugins\/seo\/ -->\n<title>Was sind Treibhausgase? - Reichelt Chemietechnik Magazin<\/title>\n<meta name=\"description\" content=\"Welche Treibhausgase sind besonders kritisch und wie tragen sie zum Klimawandel bei? Mehr zur Klimaerw\u00e4rmung im RCT Online-Magazin \u2714\" \/>\n<meta name=\"robots\" content=\"index, follow, max-snippet:-1, max-image-preview:large, max-video-preview:-1\" \/>\n<link rel=\"canonical\" href=\"https:\/\/www.rct-online.de\/magazin\/treibhausgase\/\" \/>\n<meta property=\"og:locale\" content=\"de_DE\" \/>\n<meta property=\"og:type\" content=\"article\" \/>\n<meta property=\"og:title\" content=\"Was sind Treibhausgase? - Reichelt Chemietechnik Magazin\" \/>\n<meta property=\"og:description\" content=\"Welche Treibhausgase sind besonders kritisch und wie tragen sie zum Klimawandel bei? Mehr zur Klimaerw\u00e4rmung im RCT Online-Magazin \u2714\" \/>\n<meta property=\"og:url\" content=\"https:\/\/www.rct-online.de\/magazin\/treibhausgase\/\" \/>\n<meta property=\"og:site_name\" content=\"Reichelt Chemietechnik Magazin\" \/>\n<meta property=\"article:published_time\" content=\"2019-06-28T08:16:45+00:00\" \/>\n<meta property=\"article:modified_time\" content=\"2025-04-07T07:59:11+00:00\" \/>\n<meta property=\"og:image\" content=\"https:\/\/www.rct-online.de\/magazin\/wp-content\/uploads\/2019\/07\/treibhausgase.jpg\" \/>\n\t<meta property=\"og:image:width\" content=\"800\" \/>\n\t<meta property=\"og:image:height\" content=\"533\" \/>\n\t<meta property=\"og:image:type\" content=\"image\/jpeg\" \/>\n<meta name=\"author\" content=\"Dr. Karl-Heinz Heise\" \/>\n<meta name=\"twitter:card\" content=\"summary_large_image\" \/>\n<meta name=\"twitter:label1\" content=\"Verfasst von\" \/>\n\t<meta name=\"twitter:data1\" content=\"Dr. Karl-Heinz Heise\" \/>\n\t<meta name=\"twitter:label2\" content=\"Gesch\u00e4tzte Lesezeit\" \/>\n\t<meta name=\"twitter:data2\" content=\"11\u00a0Minuten\" \/>\n<script type=\"application\/ld+json\" class=\"yoast-schema-graph\">{\"@context\":\"https:\/\/schema.org\",\"@graph\":[{\"@type\":\"WebPage\",\"@id\":\"https:\/\/www.rct-online.de\/magazin\/treibhausgase\/\",\"url\":\"https:\/\/www.rct-online.de\/magazin\/treibhausgase\/\",\"name\":\"Was sind Treibhausgase? - Reichelt Chemietechnik Magazin\",\"isPartOf\":{\"@id\":\"https:\/\/www.rct-online.de\/magazin\/#website\"},\"primaryImageOfPage\":{\"@id\":\"https:\/\/www.rct-online.de\/magazin\/treibhausgase\/#primaryimage\"},\"image\":{\"@id\":\"https:\/\/www.rct-online.de\/magazin\/treibhausgase\/#primaryimage\"},\"thumbnailUrl\":\"https:\/\/www.rct-online.de\/magazin\/wp-content\/uploads\/2019\/07\/treibhausgase.jpg\",\"datePublished\":\"2019-06-28T08:16:45+00:00\",\"dateModified\":\"2025-04-07T07:59:11+00:00\",\"author\":{\"@id\":\"https:\/\/www.rct-online.de\/magazin\/#\/schema\/person\/de5369aedc25d1f064871d823629e056\"},\"description\":\"Welche Treibhausgase sind besonders kritisch und wie tragen sie zum Klimawandel bei? Mehr zur Klimaerw\u00e4rmung im RCT Online-Magazin \u2714\",\"breadcrumb\":{\"@id\":\"https:\/\/www.rct-online.de\/magazin\/treibhausgase\/#breadcrumb\"},\"inLanguage\":\"de\",\"potentialAction\":[{\"@type\":\"ReadAction\",\"target\":[\"https:\/\/www.rct-online.de\/magazin\/treibhausgase\/\"]}]},{\"@type\":\"ImageObject\",\"inLanguage\":\"de\",\"@id\":\"https:\/\/www.rct-online.de\/magazin\/treibhausgase\/#primaryimage\",\"url\":\"https:\/\/www.rct-online.de\/magazin\/wp-content\/uploads\/2019\/07\/treibhausgase.jpg\",\"contentUrl\":\"https:\/\/www.rct-online.de\/magazin\/wp-content\/uploads\/2019\/07\/treibhausgase.jpg\",\"width\":800,\"height\":533,\"caption\":\"\u00a9 Rawf8 \u2013 stock.adobe.com\"},{\"@type\":\"BreadcrumbList\",\"@id\":\"https:\/\/www.rct-online.de\/magazin\/treibhausgase\/#breadcrumb\",\"itemListElement\":[{\"@type\":\"ListItem\",\"position\":1,\"name\":\"Startseite\",\"item\":\"https:\/\/www.rct-online.de\/magazin\/\"},{\"@type\":\"ListItem\",\"position\":2,\"name\":\"Was sind Treibhausgase?\"}]},{\"@type\":\"WebSite\",\"@id\":\"https:\/\/www.rct-online.de\/magazin\/#website\",\"url\":\"https:\/\/www.rct-online.de\/magazin\/\",\"name\":\"Reichelt Chemietechnik Magazin\",\"description\":\"\",\"potentialAction\":[{\"@type\":\"SearchAction\",\"target\":{\"@type\":\"EntryPoint\",\"urlTemplate\":\"https:\/\/www.rct-online.de\/magazin\/?s={search_term_string}\"},\"query-input\":\"required name=search_term_string\"}],\"inLanguage\":\"de\"},{\"@type\":\"Person\",\"@id\":\"https:\/\/www.rct-online.de\/magazin\/#\/schema\/person\/de5369aedc25d1f064871d823629e056\",\"name\":\"Dr. Karl-Heinz Heise\",\"image\":{\"@type\":\"ImageObject\",\"inLanguage\":\"de\",\"@id\":\"https:\/\/www.rct-online.de\/magazin\/#\/schema\/person\/image\/\",\"url\":\"https:\/\/www.rct-online.de\/magazin\/wp-content\/uploads\/2024\/07\/KH_Heise.jpg\",\"contentUrl\":\"https:\/\/www.rct-online.de\/magazin\/wp-content\/uploads\/2024\/07\/KH_Heise.jpg\",\"caption\":\"Dr. Karl-Heinz Heise\"},\"description\":\"Dr. Karl-Heinz Heise studierte an der Martin-Luther Universit\u00e4t Halle-Wittenberg Chemie und der vormaligen Technischen Hochschule Dresden Radiochemie und Chemische Kerntechnik. Danach war er bis zur politischen Wende 1989 als wissenschaftlicher Mitarbeiter am Zentralinstitut f\u00fcr Kernforschung Rossendorf (ZfK) der Akademie der Wissenschaften in verschiedenen Bereichen der Isotopenproduktion und Markierungschemie t\u00e4tig. 1990 wurde er im neu gegr\u00fcndeten Leibnitz-Forschungszentrum Dresden - Rossendorf, dem heutigen Helmholtz-Zentrum, mit der Leitung der Abteilung f\u00fcr Organische Tracerchemie des Instituts f\u00fcr Radiochemie betraut, die sich mit umweltchemischen Prozessen in den Hinterlassenschaften des Uranbergbaus der DDR befasste. Dr. Heise ist begeisterter Hobby-Numismatiker und besch\u00e4ftigt sich dabei vornehmlich mit der h\u00f6fischen Medaillenkunst des 19. Jahrhunderts in Sachsen.\",\"url\":\"https:\/\/www.rct-online.de\/magazin\/author\/k-heise\/\"}]}<\/script>\n<!-- \/ Yoast SEO plugin. -->","yoast_head_json":{"title":"Was sind Treibhausgase? - Reichelt Chemietechnik Magazin","description":"Welche Treibhausgase sind besonders kritisch und wie tragen sie zum Klimawandel bei? Mehr zur Klimaerw\u00e4rmung im RCT Online-Magazin \u2714","robots":{"index":"index","follow":"follow","max-snippet":"max-snippet:-1","max-image-preview":"max-image-preview:large","max-video-preview":"max-video-preview:-1"},"canonical":"https:\/\/www.rct-online.de\/magazin\/treibhausgase\/","og_locale":"de_DE","og_type":"article","og_title":"Was sind Treibhausgase? - Reichelt Chemietechnik Magazin","og_description":"Welche Treibhausgase sind besonders kritisch und wie tragen sie zum Klimawandel bei? Mehr zur Klimaerw\u00e4rmung im RCT Online-Magazin \u2714","og_url":"https:\/\/www.rct-online.de\/magazin\/treibhausgase\/","og_site_name":"Reichelt Chemietechnik Magazin","article_published_time":"2019-06-28T08:16:45+00:00","article_modified_time":"2025-04-07T07:59:11+00:00","og_image":[{"width":800,"height":533,"url":"https:\/\/www.rct-online.de\/magazin\/wp-content\/uploads\/2019\/07\/treibhausgase.jpg","type":"image\/jpeg"}],"author":"Dr. Karl-Heinz Heise","twitter_card":"summary_large_image","twitter_misc":{"Verfasst von":"Dr. Karl-Heinz Heise","Gesch\u00e4tzte Lesezeit":"11\u00a0Minuten"},"schema":{"@context":"https:\/\/schema.org","@graph":[{"@type":"WebPage","@id":"https:\/\/www.rct-online.de\/magazin\/treibhausgase\/","url":"https:\/\/www.rct-online.de\/magazin\/treibhausgase\/","name":"Was sind Treibhausgase? - Reichelt Chemietechnik Magazin","isPartOf":{"@id":"https:\/\/www.rct-online.de\/magazin\/#website"},"primaryImageOfPage":{"@id":"https:\/\/www.rct-online.de\/magazin\/treibhausgase\/#primaryimage"},"image":{"@id":"https:\/\/www.rct-online.de\/magazin\/treibhausgase\/#primaryimage"},"thumbnailUrl":"https:\/\/www.rct-online.de\/magazin\/wp-content\/uploads\/2019\/07\/treibhausgase.jpg","datePublished":"2019-06-28T08:16:45+00:00","dateModified":"2025-04-07T07:59:11+00:00","author":{"@id":"https:\/\/www.rct-online.de\/magazin\/#\/schema\/person\/de5369aedc25d1f064871d823629e056"},"description":"Welche Treibhausgase sind besonders kritisch und wie tragen sie zum Klimawandel bei? Mehr zur Klimaerw\u00e4rmung im RCT Online-Magazin \u2714","breadcrumb":{"@id":"https:\/\/www.rct-online.de\/magazin\/treibhausgase\/#breadcrumb"},"inLanguage":"de","potentialAction":[{"@type":"ReadAction","target":["https:\/\/www.rct-online.de\/magazin\/treibhausgase\/"]}]},{"@type":"ImageObject","inLanguage":"de","@id":"https:\/\/www.rct-online.de\/magazin\/treibhausgase\/#primaryimage","url":"https:\/\/www.rct-online.de\/magazin\/wp-content\/uploads\/2019\/07\/treibhausgase.jpg","contentUrl":"https:\/\/www.rct-online.de\/magazin\/wp-content\/uploads\/2019\/07\/treibhausgase.jpg","width":800,"height":533,"caption":"\u00a9 Rawf8 \u2013 stock.adobe.com"},{"@type":"BreadcrumbList","@id":"https:\/\/www.rct-online.de\/magazin\/treibhausgase\/#breadcrumb","itemListElement":[{"@type":"ListItem","position":1,"name":"Startseite","item":"https:\/\/www.rct-online.de\/magazin\/"},{"@type":"ListItem","position":2,"name":"Was sind Treibhausgase?"}]},{"@type":"WebSite","@id":"https:\/\/www.rct-online.de\/magazin\/#website","url":"https:\/\/www.rct-online.de\/magazin\/","name":"Reichelt Chemietechnik Magazin","description":"","potentialAction":[{"@type":"SearchAction","target":{"@type":"EntryPoint","urlTemplate":"https:\/\/www.rct-online.de\/magazin\/?s={search_term_string}"},"query-input":"required name=search_term_string"}],"inLanguage":"de"},{"@type":"Person","@id":"https:\/\/www.rct-online.de\/magazin\/#\/schema\/person\/de5369aedc25d1f064871d823629e056","name":"Dr. Karl-Heinz Heise","image":{"@type":"ImageObject","inLanguage":"de","@id":"https:\/\/www.rct-online.de\/magazin\/#\/schema\/person\/image\/","url":"https:\/\/www.rct-online.de\/magazin\/wp-content\/uploads\/2024\/07\/KH_Heise.jpg","contentUrl":"https:\/\/www.rct-online.de\/magazin\/wp-content\/uploads\/2024\/07\/KH_Heise.jpg","caption":"Dr. Karl-Heinz Heise"},"description":"Dr. Karl-Heinz Heise studierte an der Martin-Luther Universit\u00e4t Halle-Wittenberg Chemie und der vormaligen Technischen Hochschule Dresden Radiochemie und Chemische Kerntechnik. Danach war er bis zur politischen Wende 1989 als wissenschaftlicher Mitarbeiter am Zentralinstitut f\u00fcr Kernforschung Rossendorf (ZfK) der Akademie der Wissenschaften in verschiedenen Bereichen der Isotopenproduktion und Markierungschemie t\u00e4tig. 1990 wurde er im neu gegr\u00fcndeten Leibnitz-Forschungszentrum Dresden - Rossendorf, dem heutigen Helmholtz-Zentrum, mit der Leitung der Abteilung f\u00fcr Organische Tracerchemie des Instituts f\u00fcr Radiochemie betraut, die sich mit umweltchemischen Prozessen in den Hinterlassenschaften des Uranbergbaus der DDR befasste. Dr. Heise ist begeisterter Hobby-Numismatiker und besch\u00e4ftigt sich dabei vornehmlich mit der h\u00f6fischen Medaillenkunst des 19. Jahrhunderts in Sachsen.","url":"https:\/\/www.rct-online.de\/magazin\/author\/k-heise\/"}]}},"_links":{"self":[{"href":"https:\/\/www.rct-online.de\/magazin\/wp-json\/wp\/v2\/posts\/3827"}],"collection":[{"href":"https:\/\/www.rct-online.de\/magazin\/wp-json\/wp\/v2\/posts"}],"about":[{"href":"https:\/\/www.rct-online.de\/magazin\/wp-json\/wp\/v2\/types\/post"}],"author":[{"embeddable":true,"href":"https:\/\/www.rct-online.de\/magazin\/wp-json\/wp\/v2\/users\/7"}],"replies":[{"embeddable":true,"href":"https:\/\/www.rct-online.de\/magazin\/wp-json\/wp\/v2\/comments?post=3827"}],"version-history":[{"count":29,"href":"https:\/\/www.rct-online.de\/magazin\/wp-json\/wp\/v2\/posts\/3827\/revisions"}],"predecessor-version":[{"id":6261,"href":"https:\/\/www.rct-online.de\/magazin\/wp-json\/wp\/v2\/posts\/3827\/revisions\/6261"}],"wp:featuredmedia":[{"embeddable":true,"href":"https:\/\/www.rct-online.de\/magazin\/wp-json\/wp\/v2\/media\/3830"}],"wp:attachment":[{"href":"https:\/\/www.rct-online.de\/magazin\/wp-json\/wp\/v2\/media?parent=3827"}],"wp:term":[{"taxonomy":"category","embeddable":true,"href":"https:\/\/www.rct-online.de\/magazin\/wp-json\/wp\/v2\/categories?post=3827"},{"taxonomy":"post_tag","embeddable":true,"href":"https:\/\/www.rct-online.de\/magazin\/wp-json\/wp\/v2\/tags?post=3827"}],"curies":[{"name":"wp","href":"https:\/\/api.w.org\/{rel}","templated":true}]}}